{"id":4598,"date":"2026-08-17T15:33:50","date_gmt":"2026-08-17T14:33:50","guid":{"rendered":"https:\/\/nublo.tv\/?p=4598"},"modified":"2026-08-27T12:35:28","modified_gmt":"2026-08-27T11:35:28","slug":"el-programa-de-actos-de-la-fiesta-del-pino-ofrece-mas-de-un-centenar-de-actividades-y-espectaculos","status":"publish","type":"post","link":"https:\/\/nublo.tv\/index.php\/2026\/08\/17\/el-programa-de-actos-de-la-fiesta-del-pino-ofrece-mas-de-un-centenar-de-actividades-y-espectaculos\/","title":{"rendered":"El programa de actos de la Fiesta del Pino ofrece m\u00e1s de un centenar de actividades y espect\u00e1culos"},"content":{"rendered":"<p><strong><a href=\"https:\/\/teror.es\/wp-content\/uploads\/2026\/08\/17_cartel_calendario_redes.jpg\"><img loading=\"lazy\" decoding=\"async\" class=\"alignright size-vp_sm wp-image-98928\" src=\"https:\/\/teror.es\/wp-content\/uploads\/2026\/08\/17_cartel_calendario_redes-500x625.jpg\" alt=\"\" width=\"500\" height=\"625\"><\/a>El domingo 23 de agosto se inicia la programaci\u00f3n festiva con la tradicional Feria de Ganado, aunque el arranque oficial ser\u00e1 el viernes 28 de agosto con la lectura del preg\u00f3n, a cargo del Dr. Luis Pe\u00f1a. <\/strong><\/p>\n<p>El <a href=\"https:\/\/teror.es\/?p=98893\"><span style=\"color: #0000ff\">programa de actos de la Fiesta del Pino 2026<\/span><\/a> ofrece alrededor de un centenar de espect\u00e1culos y actividades festivas y religiosas desde el 21 de agosto al 26 de septiembre. El programa festivo se iniciar\u00e1 esta semana con la tradicional Feria de Ganado, el domingo 23 de agosto, y actos deportivos, aunque el arranque oficial ser\u00e1 el 28 de agosto con la lectura del preg\u00f3n, a cargo del Dr. Luis Pe\u00f1a. El programa religioso se iniciar\u00e1 con el acto de Bajada de la imagen de la Virgen del Pino, el 5 de septiembre, si bien la bandera festiva ondear\u00e1 desde el 1 de septiembre en la Bas\u00edlica de Teror.<\/p>\n<p>Esta semana sale a la calle el<a href=\"https:\/\/teror.es\/wp-content\/uploads\/2026\/08\/PROGRAMAMANO-ELPINO2026-FINAL.pdf\"><span style=\"color: #0000ff\"> programa de mano<\/span><\/a> impreso, que se distribuir\u00e1 en establecimientos y oficinas municipales, y que ya se puede descargar de forma digital en pdf\u00a0 <a href=\"https:\/\/teror.es\/wp-content\/uploads\/2026\/08\/PROGRAMAMANO-ELPINO2026-FINAL.pdf\"><span style=\"color: #0000ff\">AQU\u00cd<\/span><\/a>. La revista del Pino saldr\u00e1 a la calle la pr\u00f3xima semana, antes de la lectura del preg\u00f3n.<\/p>\n<p class=\"p1\">El programa musical incluye una treintena de conciertos y actuaciones, adem\u00e1s de otra treintena de espect\u00e1culos art\u00edsticos de teatro danza, clown, malabares, etc, que se incluyen en el Festival de Arte en la Calle \u2018En Pie\u2019.<\/p>\n<p>El programa de actos de la Fiesta del Pino, organizado por el Ayuntamiento de Teror, junto al Cabildo de Gran Canaria y la Parroquia de Teror, ofrece una amplia y diversa programaci\u00f3n, que abarca actividades religiosas, festivas, tradicionles, culturales, deportivas, comerciales, tur\u00edsticas, familiares y juveniles, repartidas por distintos espacios del casco hist\u00f3rico, especialmente en los alrededores de la Bas\u00edlica y la Plaza de Sintes.<\/p>\n<p>Dentro de las novedades del programa, este a\u00f1o se incluyen \u2018Los tardeos del Pino\u2019, un espacio de m\u00fasica y distensi\u00f3n muy familiar, que se celebrar\u00e1 el 4, 6, 11 y 18 de septiembre en el Parque de Sintes.<\/p>\n<div class=\"_df_book df-lite\" id=\"df_98921\" data-title=\"programa-de-mano-el-pino-2026\"><\/div>\n<p><strong><span style=\"color: #008000\">PROGRAMACI\u00d3N FIESTA DEL PINO 2026<\/span><\/strong><\/p>\n<p><strong><span style=\"color: #008000\">21 AGOSTO<\/span> | VIERNES<\/strong><br \/>\n<strong>&gt; 58\u00ba Torneo de F\u00fatbol El Pino<\/strong><br \/>\nEstadio El Pino. 18:30 h. Primera semifinal . 20:30 h. Segunda semifinal. Equipos: UD Teror \u2013 UD Las Palmas Juvenil \u2013 Acodetti Juvenil \u2013 UD San Antonio<\/p>\n<p><strong><span style=\"color: #008000\">23 DE AGOSTO<\/span> | DOMINGO<\/strong><br \/>\n<strong>&gt; Feria de Ganado El Pino<\/strong><br \/>\n10:30 a 15:00 h. Finca de Osorio<br \/>\n<em>Exhibiciones: arado romano, trilla, trasquila, ornitol\u00f3gia, orde\u00f1o, salto del pastor. Entrega de reconocimientos . Actuaci\u00f3n: Parranda El Lebrillo, junto a C.B. El \u00c1lamo.\u00a0 Participan Club de Arrastre la Caldera y el Club de Arrastre GC.<\/em><\/p>\n<p><strong>&gt; 58\u00ba Torneo de F\u00fatbol El Pino<\/strong><br \/>\nEstadio El Pino. 10:30 Tercer y cuarto puesto 12:00 h. Final<\/p>\n<p><strong><span style=\"color: #008000\">27 DE AGOSTO<\/span> | JUEVES<\/strong><br \/>\n<strong>&gt; 25\u00ba Torneo de envite El Pino<\/strong><br \/>\n20:30 h. Calle Real de la Plaza (Bar Diego). Final<\/p>\n<p><img loading=\"lazy\" decoding=\"async\" class=\"alignright wp-image-98904\" src=\"https:\/\/teror.es\/wp-content\/uploads\/2026\/08\/pregonero-Luis-Pena-500x531.jpg\" alt=\"\" width=\"300\" height=\"319\"><\/p>\n<p><strong><span style=\"color: #008000\">28 DE AGOSTO<\/span> | VIERNES<\/strong><br \/>\n<strong>&gt;<\/strong><strong>13\u00ba Festival de Arte en la calle \u2018En Pie\u2019<br \/>\n<\/strong>Teatro, m\u00fasica y humor en familia<br \/>\n17:30 \u2013 24:00 h. Casco de Teror. Ver <a href=\"https:\/\/www.festivalenpieteror.com\/\"><span style=\"color: #0000ff\">PROGRAMA<\/span><\/a><\/p>\n<p><strong>&gt; Preg\u00f3n: Dr. Luis Pe\u00f1a Quintana<\/strong><br \/>\n21:00 h. Plaza del Pino<\/p>\n<p><strong>&gt; Concierto de la Banda de M\u00fasica de Teror<\/strong><br \/>\n21:45 h. Plaza del Pino<\/p>\n<p><strong>&gt; Inauguraci\u00f3n Chiringuitos Plaza de Sintes<\/strong><br \/>\n23:00 h. Andrea Rguez. y La Banda del Tr\u00f3pico<br \/>\n24:00 h. \u2018Son de la Isla\u2019<\/p>\n<p><strong><span style=\"color: #008000\"><a href=\"https:\/\/teror.es\/wp-content\/uploads\/2026\/08\/carel-festival-enpie.jpg\"><img decoding=\"async\" loading=\"lazy\" class=\"alignright wp-image-98898\" src=\"https:\/\/teror.es\/wp-content\/uploads\/2026\/08\/carel-festival-enpie-500x707.jpg\" alt=\"\" width=\"300\" height=\"424\"><\/a>29 DE AGOSTO |<\/span> S\u00c1BADO<\/strong><br \/>\n<strong>&gt; 13\u00ba Festival de Arte en la calle \u2018En Pie\u2019<\/strong><br \/>\n11:00 \u2013 24:00 h. Casco de Teror. Ver <a href=\"https:\/\/www.festivalenpieteror.com\/\"><span style=\"color: #0000ff\">PROGRAMA<\/span><\/a><\/p>\n<p><strong>&gt; 44\u00ba Torneo F\u00fatbol Veterano El Pino<\/strong><br \/>\n18:00 h. Estadio El Pino<\/p>\n<p><strong><span style=\"color: #008000\">30 DE AGOSTO<\/span> | DOMINGO<\/strong><br \/>\n<strong>&gt; 13\u00ba Festival de Arte en la calle \u2018En Pie\u2019<\/strong><br \/>\n11:00 \u2013 22:00 h. Casco de Teror. Ver <a href=\"https:\/\/www.festivalenpieteror.com\/\"><span style=\"color: #0000ff\">PROGRAMA<\/span><\/a><\/p>\n<p><strong><span style=\"color: #008000\">1 DE SEPTIEMBRE |<\/span> MARTES<\/strong><br \/>\n<strong>&gt; Subida de la Bandera<\/strong><br \/>\n12:00 h. Plaza del Pino. Con repique de campanas y pasacalles animado por \u2018Swing Goloso\u2019.<\/p>\n<p><strong>&gt; Fiesta Infantil El Pino<\/strong><br \/>\n17:00 a 20:00 horas. Plaza de Sintes<br \/>\n<em>Talleres, hinchables y actuaci\u00f3n del grupo de j\u00f3venes \u2018La Nueva Cantera\u2019, a las 18:00 h.<\/em><\/p>\n<p><strong><a href=\"https:\/\/teror.es\/wp-content\/uploads\/2026\/08\/CARTEL_1SEPT.jpg\"><img decoding=\"async\" loading=\"lazy\" class=\"alignright wp-image-98902\" src=\"https:\/\/teror.es\/wp-content\/uploads\/2026\/08\/CARTEL_1SEPT-500x625.jpg\" alt=\"\" width=\"300\" height=\"375\"><\/a>&gt; Inauguraci\u00f3n exposici\u00f3n de promoci\u00f3n tur\u00edstica \u201cVestimentas Tradicionales siglos XVIII \u2013 XIX\u201d<\/strong><br \/>\nCentro de Turismo. Del 1 al 20 de septiembre. Lunes a s\u00e1bado, 9:30 a 16:30 h.<br \/>\n18:00 h. <em>Actuaci\u00f3n A.F. El Lebrillo y Cuerpo de Baile \u2018Erasmo Hern\u00e1ndez\u2019 19:00 h. Apertura de la exposci\u00f3n. 20:00 h. Charla:\u2019 Identidad canaria\u2019, por David Naranjo Ortega.<\/em><\/p>\n<p><strong><span style=\"color: #008000\">2 DE SEPTIEMBRE<\/span> | MI\u00c9RCOLES<\/strong><br \/>\n<strong>&gt; Desfile de vestimenta tradicional de Gran Canaria C.B. Erasmo Hern\u00e1ndez<\/strong><br \/>\n19:00 h. Alameda P\u00edo XII<br \/>\n<em>Con la actuaci\u00f3n de \u2018Cantos de Origen\u2019. Solistas: Patricia Mu\u00f1oz y Jonathan Campos. M\u00fasico: Miguel Afonso, Gonzalo Mac\u00edas e Ivanoff Rodr\u00edguez. Percusi\u00f3n: Samuel Medina. Presenta David Naranjo.<\/em><\/p>\n<p><strong><span style=\"color: #008000\">3 DE SEPTIEMBRE<\/span> | JUEVES<\/strong><br \/>\n<strong><a href=\"https:\/\/teror.es\/wp-content\/uploads\/2026\/08\/CARTEL_3SEPT_OK.jpg\"><img decoding=\"async\" loading=\"lazy\" class=\"alignright wp-image-98906\" src=\"https:\/\/teror.es\/wp-content\/uploads\/2026\/08\/CARTEL_3SEPT_OK-500x625.jpg\" alt=\"\" width=\"300\" height=\"375\"><\/a>&gt; Fiesta infantil y familiar<\/strong><br \/>\n17:30 a 19:30 h. Alameda P\u00edo XII<br \/>\nPara ni\u00f1os\/as de todas las edades. Espacio de juego dise\u00f1ado por Priscilla Vela.<\/p>\n<p><strong>&gt; Tenderete en El Pino.<\/strong> Grabaci\u00f3n del programa de TVE<br \/>\n21:00 h. Convento de las Dominicas<br \/>\n<em>Participan Parranda de Tenderete con los solistas Nia Correia, Jose \u00c1ngel Su\u00e1rez, Patricia Mu\u00f1oz, Iv\u00e1n Quintana y Jos\u00e9 Amador. <\/em><br \/>\n<em>Timplista Abraham Ramos y su banda. Presentan: Roberto Herrera, F\u00e1tima Hern\u00e1ndez y Sara Fez.<\/em><\/p>\n<p><strong><span style=\"color: #008000\">4 DE SEPTIEMBRE<\/span> | VIERNES<\/strong><br \/>\n<strong>&gt; Ensayo del ej\u00e9rcito para del D\u00eda del Pino<\/strong><br \/>\n9:00 h. Plaza del Pino<br \/>\n<strong>&gt; Tardeos del Pino<\/strong><br \/>\n19:00 h. Parque de Sintes<br \/>\nCon la actuaci\u00f3n de \u2018Caf\u00e9 de Luna\u2019<br \/>\n<strong><a href=\"https:\/\/teror.es\/wp-content\/uploads\/2026\/08\/cartel_PinitoFest.jpg\"><img decoding=\"async\" loading=\"lazy\" class=\"alignright wp-image-98899\" src=\"https:\/\/teror.es\/wp-content\/uploads\/2026\/08\/cartel_PinitoFest-500x625.jpg\" alt=\"\" width=\"300\" height=\"375\"><\/a>&gt; PINITO FEST. Festival Joven de Teror<\/strong><br \/>\n<em>Con Soge Culebra, Bejo Rodrigo F\u00e9nix, Elo Minetti y DjAiram Vega. Apertura del Festival por \u2018M\u00fadate Studios\u2019.<\/em><br \/>\n20:30 h. Plaza de Sintes<\/p>\n<p><strong><span style=\"color: #008000\">5 DE SEPTIEMBRE<\/span> | S\u00c1BADO <\/strong><br \/>\n<strong>&gt; Bajada de la Imagen de la Virgen<\/strong><br \/>\n18:30 h. Santo Rosario:<br \/>\n19:00 h. Eucarist\u00eda. Preside Rvdo. D. Antonio Perera P\u00e9rez. 20:00 h. Bajada de la Virgen.<br \/>\n<strong>&gt; Concierto Tributo a Manuel Carrasco, <\/strong>en la voz de Samuel Tosso<br \/>\n21:00h. Plaza de Sintes<br \/>\n<strong><a href=\"https:\/\/teror.es\/wp-content\/uploads\/2026\/08\/NenaDaconte.jpg\"><img decoding=\"async\" loading=\"lazy\" class=\"alignright wp-image-98912\" src=\"https:\/\/teror.es\/wp-content\/uploads\/2026\/08\/NenaDaconte.jpg\" alt=\"\" width=\"300\" height=\"300\"><\/a>&gt; Concierto de Nena Daconte<\/strong><br \/>\n22:30h. Plaza de Sintes<br \/>\n<strong>&gt; Actuaci\u00f3n de Miss Music Band y Aitamy Dj<\/strong><br \/>\n24:00 h. Plaza de Sintes<\/p>\n<p><strong><span style=\"color: #008000\">6 DE SEPTIEMBRE<\/span> | DOMINGO <\/strong><br \/>\n<strong>&gt; Actos religiosos:<\/strong> Eucarist\u00edas: 8:00, 10:00, 11:00, 12:00, 13:00 h. y 19:00 h. Santo Rosario: 18:30 h.<br \/>\n<strong>&gt; Tardeos del Pino<\/strong><br \/>\n19:00 h. Parque de Sintes<br \/>\nCon la actuaci\u00f3n de \u2018Que Chimba\u2019.<br \/>\n<strong>&gt; Ofrenda po\u00e9tica a la Virgen<\/strong><br \/>\n20:00 h. Bas\u00edlica del Pino<br \/>\n<strong>&gt; 34\u00ba Encuentro Folcl\u00f3rico de Gran Canaria<\/strong><br \/>\n20:30 h. Plaza de Sintes.<br \/>\n<em>Participan: \u2018Sabinosa\u2019 (El Hierro), \u2018Dunas de Corralejo\u2019 (Fuerteventura), \u2018Chemida\u2019 (G. Canaria), \u2018Coros y Danzas\u2019 (La Gomera), \u2018Alfaguara\u2019(La Palma), \u2018Guadarf\u00eda\u2019 (Lanzarote) ,\u2018Escuela de Folclore de Adeje\u2019 (Tenerife),\u2018Parranda Los Toledo\u2019 (La Graciosa).<\/em><br \/>\n<strong>&gt; Verbena \u2018La Previa\u2019<\/strong> con \u2018La Combinaci\u00f3n\u2019.<br \/>\n23:00 h. Plaza de Sintes.<\/p>\n<p><strong><span style=\"color: #008000\">7 DE SEPTIEMBRE<\/span> | LUNES<\/strong><br \/>\n<strong>&gt; Eucarist\u00edas:<\/strong> 10:00, 12:00, 20:00, 21:30 y 23:00 h.<br \/>\n<strong><a href=\"https:\/\/teror.es\/wp-content\/uploads\/2026\/08\/romeria_270-copia.jpg\"><img decoding=\"async\" loading=\"lazy\" class=\"alignright wp-image-98916\" src=\"https:\/\/teror.es\/wp-content\/uploads\/2026\/08\/romeria_270-copia-500x527.jpg\" alt=\"\" width=\"300\" height=\"316\"><\/a>&gt; ROMER\u00cdA OFRENDA a Ntra. Sra. del Pino<\/strong><br \/>\n15:30 h. Desde el Casta\u00f1ero Gordo a la Plaza del Pino. Con carretas y agrupaciones de los 21 municipios de Gran Canaria, y representaciones de las 8 islas canarias. Retransmisi\u00f3n en directopor RTVC y TVE.<\/p>\n<p><strong>&gt; Verbena de la V\u00edspera<\/strong><br \/>\n20:00 h. Plaza de Sintes<br \/>\n<em>Con Parranda Amasijo, Leyenda Joven, D\u2019Music y L\u00ednea Dj .<\/em><\/p>\n<p><strong>&gt; Exhibici\u00f3n de Fuegos Artificiales<\/strong><br \/>\n24:00 h. Desde Terrenos Y\u00e1nez Matos. Por Pirotecnia El Pilar.<\/p>\n<p><strong><span style=\"color: #008000\">8 DE SEPTIEMBRE<\/span> | MARTES<\/strong><br \/>\n<strong>D\u00cdA DE NTRA. SRA. DEL PINO<\/strong><br \/>\n&gt; Eucarist\u00edas: 7:00, 8:00, 9:00,10:00,14:00 y 17:30 h. Bas\u00edlica del Pino<\/p>\n<p><strong>&gt; Recepci\u00f3n Oficial de Autoridades<\/strong><br \/>\n11:00 h. Calle Real de la Plaza<\/p>\n<p><strong><a href=\"https:\/\/teror.es\/wp-content\/uploads\/2026\/08\/SeguridadSocial-copia.jpg\"><img decoding=\"async\" loading=\"lazy\" class=\"alignright wp-image-98913\" src=\"https:\/\/teror.es\/wp-content\/uploads\/2026\/08\/SeguridadSocial-copia.jpg\" alt=\"\" width=\"300\" height=\"300\"><\/a>&gt; Solemne Eucarist\u00eda<\/strong><br \/>\n12:00 h. Bas\u00edlica del Pino<\/p>\n<p><strong>&gt; Procesi\u00f3n de Ntra. Sra. del Pino<\/strong><br \/>\n13:00 h. Calles del Casco<\/p>\n<p><strong>&gt; Concierto de \u2018Seguridad Social\u2019<\/strong><br \/>\n21:00 h. Plaza de Sintes<\/p>\n<p><span style=\"color: #008000\"><strong>8 AL 16 DE SEPTIEMBRE<\/strong><\/span><br \/>\n<strong>&gt; Novenario Solemne<\/strong><br \/>\nEucarist\u00eda: 12:00 h. Santo Rosario y preces de la Novena: 18:30 h. Eucarist\u00eda: 19:00 h. Presidir\u00e1n y predicar\u00e1n los Padres Jesuitas.<br \/>\nEl s\u00e1bado, 12 de septiembre, el horario de la Eucarist\u00eda de la tarde ser\u00e1 el siguiente: Santo Rosario y preces de la Novena:19:00 h.<br \/>\nEucarist\u00eda: 19:30 h.<\/p>\n<p><strong><span style=\"color: #008000\"><a href=\"https:\/\/teror.es\/wp-content\/uploads\/2026\/08\/tributo_queen-copia.jpg\"><img decoding=\"async\" loading=\"lazy\" class=\"alignright wp-image-98915\" src=\"https:\/\/teror.es\/wp-content\/uploads\/2026\/08\/tributo_queen-copia-500x500.jpg\" alt=\"\" width=\"300\" height=\"300\"><\/a>9 DE SEPTIEMBRE<\/span> | MI\u00c9RCOLES<\/strong><br \/>\n<strong>&gt; Concierto \u2018Symphonic Rhapsody of Queen\u2019. Tributo a Queen<\/strong><br \/>\n21:00 h. Plaza de Sintes<\/p>\n<p><strong><span style=\"color: #008000\">10 DE SEPTIEMBRE<\/span> | JUEVES<\/strong><br \/>\n<strong>&gt; Concierto Cali &amp; El Dandee<\/strong><br \/>\n21:00 h. Plaza de Sintes<\/p>\n<p><strong><span style=\"color: #008000\">11 DE SEPTIEMBRE<\/span> | VIERNES<\/strong><br \/>\n<strong>&gt; Tardeos del Pino<\/strong><br \/>\n19:00 h. Parque de Sintes<br \/>\ncon la actuaci\u00f3n de \u2018Tata Band\u2019<\/p>\n<p><strong><a href=\"https:\/\/teror.es\/wp-content\/uploads\/2026\/08\/Cartel-Teresa-de-Bolivar-2026.jpg\"><img decoding=\"async\" loading=\"lazy\" class=\"alignright wp-image-98901\" src=\"https:\/\/teror.es\/wp-content\/uploads\/2026\/08\/Cartel-Teresa-de-Bolivar-2026-500x707.jpg\" alt=\"\" width=\"300\" height=\"424\"><\/a>&gt; 37\u00ba Encuentro Teresa de Bol\u00edvar<\/strong><br \/>\n20:00 h. Plaza de Sintes<br \/>\nParticipan: Joaqu\u00edn S\u00e1nchez, Ad\u00e1n Moreno y Katie James.<\/p>\n<p><strong>&gt; Verbena,<\/strong><br \/>\n22:30 h. Plaza de Sintes<br \/>\nCon \u2018Las cumbias de mi vida\u2019 y Dj Renzzo \u2018El selector\u2019.<\/p>\n<p><strong><span style=\"color: #008000\">12 DE SEPTIEMBRE<\/span> | S\u00c1BADO<\/strong><br \/>\n<strong><a href=\"https:\/\/teror.es\/wp-content\/uploads\/2026\/08\/cartel_romeriadelTimple.jpg\"><img decoding=\"async\" loading=\"lazy\" class=\"alignright wp-image-98903\" src=\"https:\/\/teror.es\/wp-content\/uploads\/2026\/08\/cartel_romeriadelTimple-500x707.jpg\" alt=\"\" width=\"300\" height=\"424\"><\/a>&gt; II Romer\u00eda del Timple<\/strong><br \/>\n19:00 h. Salida desde el Muro Nuevo a la Plaza de Sintes<br \/>\nAl acorde de \u2018\u00a1Qu\u00e9 tenderete!\u2019<\/p>\n<p><strong>&gt; 37\u00ba Encuentro Teresa de Bol\u00edvar<\/strong><br \/>\nParticipan: \u2018ContraVentura\u2019 (Ren\u00e9 Falc\u00f3n, Marce Bonde, Acaymo Delgado y David \u2018El Majorero\u2019) y la mexicana Lila Downs.<br \/>\n20:00 h. Plaza de Sintes<\/p>\n<p><strong>&gt; Concierto Melendiers.Tributo a Melendi<\/strong><br \/>\n23:00 h.Plaza de Sintes<\/p>\n<p><strong>&gt; Verbena<\/strong><br \/>\n00:30 h. Plaza de Sintes<br \/>\nCon \u2018Ritmo Bakano\u2019<\/p>\n<p><strong><span style=\"color: #008000\">13 DE SEPTIEMBRE<\/span> | DOMINGO<\/strong><br \/>\n<strong>D\u00cdA DE LAS MAR\u00cdAS<\/strong><br \/>\n<strong>Fiesta patronal de la Villa Mariana de Teror <\/strong><br \/>\n<strong>&gt; Eucarist\u00edas<\/strong><br \/>\n8 h, 10 h,11 h. y 12 h. Bas\u00edlica del Pino.<\/p>\n<p><strong>&gt; Eucarist\u00eda solemne<\/strong><br \/>\n13:00 h. Bas\u00edlica del Pino<br \/>\nHomenaje del Colegio de Abogados.<\/p>\n<p><strong>&gt; Verbena del Solajero<\/strong><br \/>\n12:00 h. Los Merengues de los 80-90.<br \/>\n14:00 h. Las Ladys<br \/>\n16:00 h. Star Music<\/p>\n<p><strong>&gt; Santo Rosario y preces de Novena<\/strong><br \/>\n18:30 h. Bas\u00edlica del Pino<\/p>\n<p><strong>&gt; Solemne Eucarist\u00eda de las Mar\u00edas<\/strong><br \/>\n19:00 h. Bas\u00edlica del Pino<\/p>\n<p><strong>&gt; Procesi\u00f3n de las Mar\u00edas<\/strong><br \/>\nacompa\u00f1ada de la Banda de Teror.<br \/>\n20:00 h. Calles del Casco<\/p>\n<p><strong>&gt; Fuegos Artificiales de Las Mar\u00edas<\/strong><br \/>\n20:30 h. Desde Terreno Y\u00e1nez Matos<\/p>\n<p><strong><span style=\"color: #008000\">17 DE SEPTIEMBRE<\/span> | JUEVES<\/strong><br \/>\n<strong>&gt; Entrega de Honores y Distinciones del Ayuntamiento de Teror<\/strong><br \/>\n21:00 h. Alameda P\u00edo XII<br \/>\nHijo adoptivo: Juan Antonio Hern\u00e1ndez Navarro. Insignias de Oro: Tradici\u00f3n de la \u2018Tra\u00edda de los Arcos de Arbejales\u2019; empresa Salcai Utinca S.A (Global).<\/p>\n<p><strong><span style=\"color: #008000\">18 DE SEPTIEMBRE<\/span> | VIERNES<\/strong><br \/>\n<strong>&gt; Tardeos del Pino.<\/strong><br \/>\n19:00 h. Parque de Sintes<br \/>\nCon la actuaci\u00f3n de \u2018Kilombo improvisado\u2019<\/p>\n<p><strong>&gt; Concierto de la Banda \u2018Las Candelas\u2019<\/strong><br \/>\n20:00 h. Plaza del Pino<\/p>\n<p><strong>&gt; Verbena<\/strong><br \/>\n22:00 h. Plaza de Sintes<br \/>\nCon Grupo \u2018Bomba\u2019 y Dj Promaster .<\/p>\n<p><strong><span style=\"color: #008000\">19 DE SEPTIEMBRE<\/span> | S\u00c1BADO<\/strong><br \/>\n<strong>&gt; 16\u00ba Campeonato de Halterof\u00edlia El Pino<\/strong><br \/>\n0:00 a 15:30 h. Plaza Alameda Pio XII<\/p>\n<p><strong>&gt; 35\u00ba Rallie Slot El Pino. 1\/24 1\/32<\/strong><br \/>\nAsociaci\u00f3n de Vecinos Los Llanos S\u00e1bado de 12:00 a 22:00 h. Domingo de 08:00 a 16:00 h.<\/p>\n<p><strong>&gt; 12\u00aa Marcha Cicloturista Solidaria<\/strong><br \/>\n10:00 a 14:00 h. Desde LPGC a Teror.<\/p>\n<p><strong>&gt; 37\u00ba Encuentro de Antiguos Alumnos Salesianos de Teror.<\/strong><br \/>\n11:00 h. Plaza Colegio Salesiano.<\/p>\n<p><strong>&gt; VERBENA CANARIA<\/strong><br \/>\nPlaza de Sintes<br \/>\n&gt; 20:00 h. Pasacalles.<br \/>\n&gt; 20:30 h. Gran Verbena Canaria,<br \/>\ncon la actuaci\u00f3n de Parranda El Pajullo, Furia Joven. Wamampy y Armonia Show.<\/p>\n<p><strong><span style=\"color: #008000\">20 DE SEPTIEMBRE<\/span> | DOMINGO<\/strong><br \/>\n<strong>&gt; Eucarist\u00edas:<\/strong> 8:00, 10:00, 11:00, 12:00 y 13:00 h.<br \/>\nSanto Rosario: 18:30 h.<\/p>\n<p><strong>&gt; Subida de la Virgen a su camar\u00edn<\/strong><br \/>\n<strong>Eucarist\u00eda:<\/strong> 19:00 h. Presidir\u00e1 el Rvdo. D. Antonio Perera P\u00e9rez.<br \/>\nA continuaci\u00f3n, subida de la imagen de Ntra. Sra. del Pino.<br \/>\n19:00 h. Bas\u00edlica del Pino<\/p>\n<p><strong><span style=\"color: #008000\">24 DE SEPTIEMBRE<\/span> | JUEVES<\/strong><br \/>\n<strong>&gt; Jornada de Ornitolog\u00eda<\/strong> en conmemoraci\u00f3n al 15\u00ba aniversario de la Asociaci\u00f3n Ornitol\u00f3gica Villa de Teror \u201cEl Norwich\u201d.<br \/>\n19:00 h. Centro de Turismo de Teror<br \/>\nCharlas impartidas por Rudiberto Hern\u00e1ndez, y David Santana,<\/p>\n<p><span style=\"color: #008000\"><strong>25-26 DE SEPTIEMBRE<\/strong><\/span><br \/>\n<strong>&gt; 45\u00ba Rallye Villa de Teror<\/strong><br \/>\n8:00 a 21:30 h.Plaza del Pino<br \/>\nSe disputar\u00e1n 8 pruebas especiales, con 88 km. cronometrados. www.escuderiaaterura.com<\/p>\n<p>\u00a0<\/p>\n<p>\u00a0<\/p>\n<p>\u00a0<\/p>\n<p>\u00a0<\/p>\n<p>\u00a0<\/p>\n<p>\u00a0<\/p>\n<p>\u00a0<\/p>\n","protected":false},"excerpt":{"rendered":"<p>El domingo 23 de agosto se inicia la programaci\u00f3n festiva con la tradicional Feria de Ganado, aunque el arranque oficial ser\u00e1 el viernes 28 de agosto con la lectura del&hellip;<\/p>\n","protected":false},"author":1,"featured_media":4599,"comment_status":"open","ping_status":"open","sticky":false,"template":"","format":"standard","meta":{"wpai_generated_summary":"","wpai_meta_description":"","footnotes":""},"categories":[141],"tags":[],"class_list":["post-4598","post","type-post","status-publish","format-standard","has-post-thumbnail","hentry","category-ayuntamiento-de-teror"],"_links":{"self":[{"href":"https:\/\/nublo.tv\/index.php\/wp-json\/wp\/v2\/posts\/4598","targetHints":{"allow":["GET"]}}],"collection":[{"href":"https:\/\/nublo.tv\/index.php\/wp-json\/wp\/v2\/posts"}],"about":[{"href":"https:\/\/nublo.tv\/index.php\/wp-json\/wp\/v2\/types\/post"}],"author":[{"embeddable":true,"href":"https:\/\/nublo.tv\/index.php\/wp-json\/wp\/v2\/users\/1"}],"replies":[{"embeddable":true,"href":"https:\/\/nublo.tv\/index.php\/wp-json\/wp\/v2\/comments?post=4598"}],"version-history":[{"count":1,"href":"https:\/\/nublo.tv\/index.php\/wp-json\/wp\/v2\/posts\/4598\/revisions"}],"predecessor-version":[{"id":4610,"href":"https:\/\/nublo.tv\/index.php\/wp-json\/wp\/v2\/posts\/4598\/revisions\/4610"}],"wp:featuredmedia":[{"embeddable":true,"href":"https:\/\/nublo.tv\/index.php\/wp-json\/wp\/v2\/media\/4599"}],"wp:attachment":[{"href":"https:\/\/nublo.tv\/index.php\/wp-json\/wp\/v2\/media?parent=4598"}],"wp:term":[{"taxonomy":"category","embeddable":true,"href":"https:\/\/nublo.tv\/index.php\/wp-json\/wp\/v2\/categories?post=4598"},{"taxonomy":"post_tag","embeddable":true,"href":"https:\/\/nublo.tv\/index.php\/wp-json\/wp\/v2\/tags?post=4598"}],"curies":[{"name":"wp","href":"https:\/\/api.w.org\/{rel}","templated":true}]}}