{"id":46,"date":"2026-08-04T17:32:54","date_gmt":"2026-08-04T16:32:54","guid":{"rendered":"https:\/\/nublo.tv\/?p=46"},"modified":"2026-08-04T17:32:54","modified_gmt":"2026-08-04T16:32:54","slug":"fiesta-de-la-tercera-edad-la-cuevita-2026","status":"publish","type":"post","link":"https:\/\/nublo.tv\/index.php\/2026\/08\/04\/fiesta-de-la-tercera-edad-la-cuevita-2026\/","title":{"rendered":"FIESTA DE LA TERCERA EDAD \u2013 LA CUEVITA 2026"},"content":{"rendered":"<p class=\"wp-block-paragraph\"><strong>\ud83c\udf89 Fiesta de la Tercera Edad &#8211; La Cuevita 2026<\/strong><\/p>\n<p class=\"wp-block-paragraph\">El Ayuntamiento de Artenara invita a todos los pensionistas y personas mayores de 65 a\u00f1os empadronadas en el municipio a participar en la Fiesta de la Tercera Edad, que se celebrar\u00e1 el pr\u00f3ximo s\u00e1bado 8 de agosto, a las 20:00 horas, en el Almac\u00e9n Municipal.<\/p>\n<p class=\"wp-block-paragraph\">La velada contar\u00e1 con las actuaciones de Mariachi Pele\u00f3n y el D\u00fao Enclave Musical, en un encuentro pensado para compartir una agradable noche de convivencia dentro de las Fiestas de La Cuevita.<\/p>\n","protected":false},"excerpt":{"rendered":"<p>\ud83c\udf89 Fiesta de la Tercera Edad &#8211; La Cuevita 2026El Ayuntamiento de Artenara invita a todos los pensionistas y personas mayores de 65 a\u00f1os empadronadas en el municipio a participar&hellip;<\/p>\n","protected":false},"author":5,"featured_media":47,"comment_status":"open","ping_status":"open","sticky":false,"template":"","format":"standard","meta":{"wpai_generated_summary":"","wpai_meta_description":"","footnotes":""},"categories":[126],"tags":[],"class_list":["post-46","post","type-post","status-publish","format-standard","has-post-thumbnail","hentry","category-ayuntamiento-de-artenara"],"_links":{"self":[{"href":"https:\/\/nublo.tv\/index.php\/wp-json\/wp\/v2\/posts\/46","targetHints":{"allow":["GET"]}}],"collection":[{"href":"https:\/\/nublo.tv\/index.php\/wp-json\/wp\/v2\/posts"}],"about":[{"href":"https:\/\/nublo.tv\/index.php\/wp-json\/wp\/v2\/types\/post"}],"author":[{"embeddable":true,"href":"https:\/\/nublo.tv\/index.php\/wp-json\/wp\/v2\/users\/5"}],"replies":[{"embeddable":true,"href":"https:\/\/nublo.tv\/index.php\/wp-json\/wp\/v2\/comments?post=46"}],"version-history":[{"count":1,"href":"https:\/\/nublo.tv\/index.php\/wp-json\/wp\/v2\/posts\/46\/revisions"}],"predecessor-version":[{"id":480,"href":"https:\/\/nublo.tv\/index.php\/wp-json\/wp\/v2\/posts\/46\/revisions\/480"}],"wp:featuredmedia":[{"embeddable":true,"href":"https:\/\/nublo.tv\/index.php\/wp-json\/wp\/v2\/media\/47"}],"wp:attachment":[{"href":"https:\/\/nublo.tv\/index.php\/wp-json\/wp\/v2\/media?parent=46"}],"wp:term":[{"taxonomy":"category","embeddable":true,"href":"https:\/\/nublo.tv\/index.php\/wp-json\/wp\/v2\/categories?post=46"},{"taxonomy":"post_tag","embeddable":true,"href":"https:\/\/nublo.tv\/index.php\/wp-json\/wp\/v2\/tags?post=46"}],"curies":[{"name":"wp","href":"https:\/\/api.w.org\/{rel}","templated":true}]}}