{"id":4613,"date":"2026-08-17T16:44:38","date_gmt":"2026-08-17T15:44:38","guid":{"rendered":"https:\/\/nublo.tv\/?p=4613"},"modified":"2026-08-17T23:17:19","modified_gmt":"2026-08-17T22:17:19","slug":"barrial-reconoce-el-trabajo-de-los-colectivos-que-mantienen-viva-la-actividad-del-barrio-durante-todo-el-ano","status":"publish","type":"post","link":"https:\/\/nublo.tv\/index.php\/2026\/08\/17\/barrial-reconoce-el-trabajo-de-los-colectivos-que-mantienen-viva-la-actividad-del-barrio-durante-todo-el-ano\/","title":{"rendered":"Barrial reconoce el trabajo de los colectivos que mantienen viva la actividad del barrio durante todo el a\u00f1o"},"content":{"rendered":"\r\n<p class=\"wp-block-paragraph\"><em>La Plaza Jos\u00e9 Rodr\u00edguez Quintana acoger\u00e1 este martes 18, a las 21:00 horas, un acto de reconocimiento a los talleres y clases vinculados a la Asociaci\u00f3n de Vecinos Amagro, que concluir\u00e1 con un social de SBK con DJ Nau<\/em><\/p>\r\n\r\n\r\n\r\n<p class=\"wp-block-paragraph\">Las Fiestas en honor a Nuestra Se\u00f1ora de los Desamparados 2026 contin\u00faan este martes 18 de agosto con una jornada dedicada a reconocer a quienes, durante todo el a\u00f1o, mantienen activa la programaci\u00f3n de la Asociaci\u00f3n de Vecinos Amagro y contribuyen a que Barrial siga siendo un espacio de encuentro, participaci\u00f3n y convivencia.<\/p>\r\n\r\n\r\n\r\n<p class=\"wp-block-paragraph\">A partir de las 21:00 horas, la Plaza Jos\u00e9 Rodr\u00edguez Quintana ser\u00e1 escenario de este reconocimiento, que pondr\u00e1 en valor la labor desarrollada por las diferentes escuelas, talleres y colectivos vinculados a la entidad vecinal. Entre ellos se encuentran la Escuela de Baile Sabor a Salsa, el G.F. Los Cebolleros, la Escuela de Salsa y Bachata Elvis y Julieta, el Taller de Zumba Wasi, la Escuela de Kizomba, Semba y Tarraxinha, el Taller de Teatro, el Taller de Maquillaje y el Taller de Chi Kung.<\/p>\r\n\r\n\r\n\r\n<p class=\"wp-block-paragraph\">Para el presidente de la Asociaci\u00f3n de Vecinos Amagro, Jos\u00e9 Antonio Garc\u00eda Moreno, Pepe Garc\u00eda, estas iniciativas tienen un valor que va mucho m\u00e1s all\u00e1 de la actividad concreta que desarrolla cada una de ellas, ya que son una parte fundamental de la vida cotidiana de la entidad vecinal.<\/p>\r\n\r\n\r\n\r\n<p class=\"wp-block-paragraph\">\u201cEstos colectivos e iniciativas son los que mantienen vivo el d\u00eda a d\u00eda de nuestra Asociaci\u00f3n de Vecinos. Las fiestas son importantes, pero una asociaci\u00f3n no puede vivir \u00fanicamente de sus fiestas; necesita actividad durante todo el a\u00f1o, necesita personas implicadas y necesita espacios donde los vecinos y vecinas puedan encontrarse, aprender, compartir y disfrutar\u201d, se\u00f1ala Pepe Garc\u00eda.<\/p>\r\n\r\n\r\n\r\n<p class=\"wp-block-paragraph\">El presidente destaca adem\u00e1s que la diversidad de propuestas permite que personas de diferentes edades y con intereses distintos encuentren en la Asociaci\u00f3n de Vecinos un espacio donde participar. \u201cTenemos baile, m\u00fasica, folclore, teatro, actividades deportivas y otras propuestas que hacen que pr\u00e1cticamente todos los d\u00edas haya movimiento en Barrial. Eso es lo que queremos seguir fomentando, una comunidad \u201csiempreviva\u201d, abierta y participativa, en la que los vecinos y vecinas sean protagonistas, pero que tambi\u00e9n tenga las puertas abiertas a quienes nos visitan\u201d, a\u00f1ade.<\/p>\r\n\r\n\r\n\r\n<p class=\"wp-block-paragraph\">En este sentido, Garc\u00eda considera que el movimiento generado por estos colectivos contribuye directamente a fortalecer la identidad del barrio. \u201cCada persona que viene a una clase, a un ensayo, a un taller o a una actividad est\u00e1 aportando algo. Se crean relaciones, se comparten experiencias y, poco a poco, se va construyendo comunidad. Barrial no se entiende solamente por sus calles o por sus fiestas, sino por las personas que le dan vida cada d\u00eda\u201d, afirma.<\/p>\r\n\r\n\r\n\r\n<p class=\"wp-block-paragraph\">El acto de este martes pretende precisamente reconocer ese esfuerzo colectivo y poner rostro a quienes hacen posible que muchas de estas actividades se mantengan durante todo el a\u00f1o. Ser\u00e1 tambi\u00e9n una oportunidad para agradecer a monitores, responsables, participantes y familias su implicaci\u00f3n con una programaci\u00f3n que se ha convertido en una parte importante de la actividad de la Asociaci\u00f3n de Vecinos.<\/p>\r\n\r\n\r\n\r\n<p class=\"wp-block-paragraph\">\u201cQueremos que este reconocimiento sea para todos, para quienes est\u00e1n delante y para quienes est\u00e1n detr\u00e1s, porque detr\u00e1s de cada actividad hay muchas horas de trabajo, organizaci\u00f3n, ensayos y compromiso. Sin esas personas ser\u00eda imposible mantener este nivel de actividad\u201d, subraya el presidente.<\/p>\r\n\r\n\r\n\r\n<p class=\"wp-block-paragraph\">La jornada continuar\u00e1 posteriormente en la propia plaza con un social de SBK a cargo de DJ Nau, completando una noche que volver\u00e1 a combinar reconocimiento, participaci\u00f3n y convivencia.<\/p>\r\n\r\n\r\n\r\n<p class=\"wp-block-paragraph\">Con esta iniciativa, las fiestas de Barrial ponen tambi\u00e9n el foco en una realidad que se desarrolla durante los doce meses del a\u00f1o: la capacidad de la Asociaci\u00f3n de Vecinos Amagro para generar actividad y convertir sus espacios en lugares de encuentro, haciendo que el barrio mantenga vivo su car\u00e1cter participativo m\u00e1s all\u00e1 del calendario festivo.<\/p>\r\n\r\n\r\n\r\n<p class=\"wp-block-paragraph\">Mientras haya personas con ganas de participar, de compartir y de hacer cosas juntas, Barrial seguir\u00e1 siendo una comunidad \u201csiempreviva\u201d, concluye Pepe Garc\u00eda.<\/p>\r\n\r\n\r\n\r\n<p class=\"wp-block-paragraph\"><\/p>\r\n","protected":false},"excerpt":{"rendered":"<p>La Plaza Jos\u00e9 Rodr\u00edguez Quintana acoger\u00e1 este martes 18, a las 21:00 horas, un acto de reconocimiento a los talleres y clases vinculados a la Asociaci\u00f3n de Vecinos Amagro, que concluir\u00e1 con un social de SBK con DJ Nau Las Fiestas en honor a Nuestra Se\u00f1ora de los Desamparados 2026 contin\u00faan este martes 18 de [&hellip;]<\/p>\n","protected":false},"author":50,"featured_media":4619,"comment_status":"open","ping_status":"open","sticky":false,"template":"","format":"standard","meta":{"wpai_generated_summary":"","wpai_meta_description":"","footnotes":""},"categories":[153],"tags":[],"class_list":["post-4613","post","type-post","status-publish","format-standard","has-post-thumbnail","hentry","category-galdar"],"_links":{"self":[{"href":"https:\/\/nublo.tv\/index.php\/wp-json\/wp\/v2\/posts\/4613","targetHints":{"allow":["GET"]}}],"collection":[{"href":"https:\/\/nublo.tv\/index.php\/wp-json\/wp\/v2\/posts"}],"about":[{"href":"https:\/\/nublo.tv\/index.php\/wp-json\/wp\/v2\/types\/post"}],"author":[{"embeddable":true,"href":"https:\/\/nublo.tv\/index.php\/wp-json\/wp\/v2\/users\/50"}],"replies":[{"embeddable":true,"href":"https:\/\/nublo.tv\/index.php\/wp-json\/wp\/v2\/comments?post=4613"}],"version-history":[{"count":1,"href":"https:\/\/nublo.tv\/index.php\/wp-json\/wp\/v2\/posts\/4613\/revisions"}],"predecessor-version":[{"id":4618,"href":"https:\/\/nublo.tv\/index.php\/wp-json\/wp\/v2\/posts\/4613\/revisions\/4618"}],"wp:featuredmedia":[{"embeddable":true,"href":"https:\/\/nublo.tv\/index.php\/wp-json\/wp\/v2\/media\/4619"}],"wp:attachment":[{"href":"https:\/\/nublo.tv\/index.php\/wp-json\/wp\/v2\/media?parent=4613"}],"wp:term":[{"taxonomy":"category","embeddable":true,"href":"https:\/\/nublo.tv\/index.php\/wp-json\/wp\/v2\/categories?post=4613"},{"taxonomy":"post_tag","embeddable":true,"href":"https:\/\/nublo.tv\/index.php\/wp-json\/wp\/v2\/tags?post=4613"}],"curies":[{"name":"wp","href":"https:\/\/api.w.org\/{rel}","templated":true}]}}