{"id":4614,"date":"2026-08-17T16:38:29","date_gmt":"2026-08-17T15:38:29","guid":{"rendered":"http:\/\/nublo.tv\/?p=4614"},"modified":"2026-08-27T12:35:28","modified_gmt":"2026-08-27T11:35:28","slug":"la-alcaldesa-mantiene-un-encuentro-con-el-colegio-oficial-de-enfermeria-de-las-palmas","status":"publish","type":"post","link":"https:\/\/nublo.tv\/index.php\/2026\/08\/17\/la-alcaldesa-mantiene-un-encuentro-con-el-colegio-oficial-de-enfermeria-de-las-palmas\/","title":{"rendered":"La alcaldesa mantiene un encuentro con el Colegio Oficial de Enfermer\u00eda de Las Palmas"},"content":{"rendered":"<div class=\"image col-sm-6 pull-right\">\n<div class=\"saga-imagen \">\n\t\t<a href=\"\/export\/sites\/laspalmasgc\/.galleries\/imagenes-noticias-2026\/Reunion-de-la-alcaldesa-Carolina-Darias-y-la-concejala-Carmen-Luz-Vargas-reunidas-con-la-presidenta-del-Colegio-de-Enfermeria-Rita-Mendoza-20260817.png\" title=\"La alcaldesa mantiene un encuentro con el Colegio Oficial de Enfermer\u00eda de Las Palmas\" class=\"wrapper-image zoom-filter \"><br \/>\n\t\t\t\t\t<span class=\"sr-only\">Ampliar imagen<\/span><\/p>\n<div class=\"overlay-zoom\">\n\t\t\t\t\t\t<img loading=\"lazy\" decoding=\"async\" class=\"img-responsive\" src=\"\/export\/sites\/laspalmasgc\/.galleries\/imagenes-noticias-2026\/Reunion-de-la-alcaldesa-Carolina-Darias-y-la-concejala-Carmen-Luz-Vargas-reunidas-con-la-presidenta-del-Colegio-de-Enfermeria-Rita-Mendoza-20260817.png_513066471.png\" width=\"900\" height=\"600\" alt=\"La alcaldesa mantiene un encuentro con el Colegio Oficial de Enfermer\u00eda de Las Palmas\"><\/p>\n<div class=\"zoom-icon\">\n\t                    \t<span class=\"fa fa-search-plus\" aria-hidden=\"true\"><\/span>\n\t                    <\/div>\n<\/p><\/div>\n<p>\t\t\t\t<\/a>\n\t\t\t<\/div>\n<\/p><\/div>\n<div class=\"container-fluid\">\n<p>Las Palmas de Gran Canaria, 17 de agosto de 2026. La alcaldesa de Las Palmas de Gran Canaria, Carolina Darias, acompa\u00f1ada por la concejala de Bienestar Social, Igualdad, Cuidados y Salud, Carmen Luz Vargas, ha mantenido este lunes un encuentro con la presidenta del Colegio Oficial de Enfermer\u00eda de Las Palmas (CELP), Rita Mendoza, y su gerente, Lidia Nuez, para abordar cuestiones de inter\u00e9s com\u00fan relacionadas con los cuidados, la salud y el bienestar de la ciudadan\u00eda.<br \/>Durante la reuni\u00f3n, las representantes del Colegio trasladaron a la alcaldesa distintas iniciativas y l\u00edneas de trabajo que la entidad est\u00e1 desarrollando y que tienen relaci\u00f3n con \u00e1mbitos de inter\u00e9s para la ciudad.<br \/>El encuentro permiti\u00f3 asimismo intercambiar impresiones sobre posibles v\u00edas de colaboraci\u00f3n institucional y sobre el papel de los colegios profesionales en el impulso de actuaciones vinculadas a los cuidados, la salud y la atenci\u00f3n sociosanitaria.<br \/>En este sentido, Las Palmas de Gran Canaria ha situado los cuidados, la salud comunitaria y el bienestar entre las l\u00edneas transversales de la acci\u00f3n municipal. La ciudad cuenta desde 2022 con la adhesi\u00f3n a la Red Espa\u00f1ola de Ciudades Saludables, una iniciativa de la Federaci\u00f3n Espa\u00f1ola de Municipios y Provincias (FEMP) orientada a promover pol\u00edticas locales que integren la salud y el bienestar en la planificaci\u00f3n y gesti\u00f3n de las ciudades.<br \/>Asimismo, el pasado mes de mayo el Ayuntamiento recibi\u00f3 el sello \u2018Ciudad que Cuida\u2019, una distinci\u00f3n impulsada por la Fundaci\u00f3n M\u00e9mora y la FEMP que reconoce el compromiso de los municipios con pol\u00edticas p\u00fablicas relacionadas con el bienestar, la inclusi\u00f3n, la salud comunitaria y el cuidado de las personas.<br \/>La reuni\u00f3n permiti\u00f3 poner en com\u00fan la importancia de seguir reforzando la colaboraci\u00f3n entre las instituciones p\u00fablicas y los colegios profesionales para avanzar en pol\u00edticas que sit\u00faen el bienestar y los cuidados en el centro de la acci\u00f3n p\u00fablica.<\/p>\n<\/div>\n","protected":false},"excerpt":{"rendered":"<p>Ampliar imagen Las Palmas de Gran Canaria, 17 de agosto de 2026. La alcaldesa de Las Palmas de Gran Canaria, Carolina Darias, acompa\u00f1ada por la concejala de Bienestar Social, Igualdad,&hellip;<\/p>\n","protected":false},"author":1,"featured_media":4615,"comment_status":"open","ping_status":"open","sticky":false,"template":"","format":"standard","meta":{"wpai_generated_summary":"","wpai_meta_description":"","footnotes":""},"categories":[132],"tags":[],"class_list":["post-4614","post","type-post","status-publish","format-standard","has-post-thumbnail","hentry","category-ayuntamiento-de-las-palmas-de-gran-canaria"],"_links":{"self":[{"href":"https:\/\/nublo.tv\/index.php\/wp-json\/wp\/v2\/posts\/4614","targetHints":{"allow":["GET"]}}],"collection":[{"href":"https:\/\/nublo.tv\/index.php\/wp-json\/wp\/v2\/posts"}],"about":[{"href":"https:\/\/nublo.tv\/index.php\/wp-json\/wp\/v2\/types\/post"}],"author":[{"embeddable":true,"href":"https:\/\/nublo.tv\/index.php\/wp-json\/wp\/v2\/users\/1"}],"replies":[{"embeddable":true,"href":"https:\/\/nublo.tv\/index.php\/wp-json\/wp\/v2\/comments?post=4614"}],"version-history":[{"count":1,"href":"https:\/\/nublo.tv\/index.php\/wp-json\/wp\/v2\/posts\/4614\/revisions"}],"predecessor-version":[{"id":4616,"href":"https:\/\/nublo.tv\/index.php\/wp-json\/wp\/v2\/posts\/4614\/revisions\/4616"}],"wp:featuredmedia":[{"embeddable":true,"href":"https:\/\/nublo.tv\/index.php\/wp-json\/wp\/v2\/media\/4615"}],"wp:attachment":[{"href":"https:\/\/nublo.tv\/index.php\/wp-json\/wp\/v2\/media?parent=4614"}],"wp:term":[{"taxonomy":"category","embeddable":true,"href":"https:\/\/nublo.tv\/index.php\/wp-json\/wp\/v2\/categories?post=4614"},{"taxonomy":"post_tag","embeddable":true,"href":"https:\/\/nublo.tv\/index.php\/wp-json\/wp\/v2\/tags?post=4614"}],"curies":[{"name":"wp","href":"https:\/\/api.w.org\/{rel}","templated":true}]}}