{"id":4620,"date":"2026-08-17T20:40:10","date_gmt":"2026-08-17T19:40:10","guid":{"rendered":"https:\/\/nublo.tv\/?p=4620"},"modified":"2026-08-18T00:27:59","modified_gmt":"2026-08-17T23:27:59","slug":"del-hoy-a-la-raiz-de-los-cebolleros-reune-en-barrial-a-tres-voces-de-la-musica-actual-que-abrazan-el-folclore-canario","status":"publish","type":"post","link":"https:\/\/nublo.tv\/index.php\/2026\/08\/17\/del-hoy-a-la-raiz-de-los-cebolleros-reune-en-barrial-a-tres-voces-de-la-musica-actual-que-abrazan-el-folclore-canario\/","title":{"rendered":"\u00abDel Hoy a la Ra\u00edz\u00bb, de Los Cebolleros, re\u00fane en Barrial a tres voces de la m\u00fasica actual que abrazan el folclore canario."},"content":{"rendered":"\r\n<p class=\"wp-block-paragraph\">&nbsp;La Plaza Jos\u00e9 Rodr\u00edguez Quintana de Barrial volver\u00e1 a convertirse en el gran escenario del folclore tradicional canario con la celebraci\u00f3n del Encuentro Tradicional de Cantadores 2026, que tendr\u00e1 lugar, si Dios quiere, el viernes 21 de agosto, a las 21:00, dentro del programa de las Fiestas en honor a Nuestra Se\u00f1ora de Los Desamparados.<\/p>\r\n\r\n\r\n\r\n<p class=\"wp-block-paragraph\">Organizado por el Grupo Folcl\u00f3rico Los Cebolleros de G\u00e1ldar, el encuentro se ha consolidado como una de las citas culturales m\u00e1s destacadas del verano en el noroeste de Gran Canaria, reuniendo cada a\u00f1o a reconocidas voces del folclore, grupos de baile y numerosos aficionados a la m\u00fasica de ra\u00edz en un ambiente de convivencia y defensa de las tradiciones.<\/p>\r\n\r\n\r\n\r\n<p class=\"wp-block-paragraph\">La edici\u00f3n de 2026 se presenta bajo el lema \u00abDel Hoy a la Ra\u00edz\u00bb, una propuesta que invita a recorrer el camino que une el presente con nuestros or\u00edgenes, poniendo en valor un patrimonio musical que sigue vivo gracias al compromiso de quienes lo interpretan y lo transmiten a las nuevas generaciones.<\/p>\r\n\r\n\r\n\r\n<p class=\"wp-block-paragraph\">Bajo la direcci\u00f3n musical de Mois\u00e9s Rodr\u00edguez, el Grupo Folcl\u00f3rico Los Cebolleros ofrecer\u00e1 un recorrido por algunos de los g\u00e9neros m\u00e1s representativos del folclore del Archipi\u00e9lago, interpretando cerca de una veintena de piezas entre isas, fol\u00edas, malague\u00f1as, polcas y otras melod\u00edas tradicionales de diferentes islas, junto a conocidas composiciones de autor y de m\u00fasica popular como&nbsp;<em>Polca del Rebenque<\/em>&nbsp;,&nbsp;<em>Pobre Rafel<\/em>&nbsp;o&nbsp;<em>El Ron<\/em>&nbsp;. El espect\u00e1culo se completar\u00e1 con la interpretaci\u00f3n, en solitario, de un tema por parte de cada uno de los artistas invitados, una propuesta que promete convertirse en uno de los momentos m\u00e1s emotivos de la velada.<\/p>\r\n\r\n\r\n\r\n<p class=\"wp-block-paragraph\">El espect\u00e1culo contar\u00e1 con artistas invitados con Drazel, Aridia Ramos y Cristino Moreno, tres voces vinculadas habitualmente a otros estilos musicales que, en esta ocasi\u00f3n, se acercan al repertorio tradicional canario para rendir homenaje a la m\u00fasica de ra\u00edz. Tres int\u00e9rpretes que representan el presente de la m\u00fasica y que, desde \u00e9l, conectan con el legado cultural heredado de generaciones anteriores.<\/p>\r\n\r\n\r\n\r\n<p class=\"wp-block-paragraph\"><strong>Drazel<\/strong><\/p>\r\n\r\n\r\n\r\n<p class=\"wp-block-paragraph\">Natural de La Atalaya de Santa Mar\u00eda de Gu\u00eda, es cantante, compositor y actor musical. Formado desde muy joven en la Escuela Municipal de M\u00fasica de Santa Mar\u00eda de Gu\u00eda y en canto con Beatriz Alonso, ha desarrollado una trayectoria marcada por su versatilidad art\u00edstica. Ganador del&nbsp;Festival de Cantautores Islasvisi\u00f3n 2010&nbsp;con el tema&nbsp;<em>Un sue\u00f1o entre dos<\/em>&nbsp;, ha participado en programas de televisi\u00f3n, espect\u00e1culos musicales y producciones teatrales como&nbsp;<em>Los Miserables<\/em>&nbsp;, consolid\u00e1ndose como una de las voces emergentes del panorama musical canario.<\/p>\r\n\r\n\r\n\r\n<p class=\"wp-block-paragraph\"><strong>Aridia Ramos<\/strong><\/p>\r\n\r\n\r\n\r\n<p class=\"wp-block-paragraph\">Cuenta con una s\u00f3lida trayectoria art\u00edstica iniciada desde la infancia. Ganadora del programa\u00a0Menudas Estrellas\u00a0, donde interpret\u00f3 a Laura Pausini, ha participado en destacados espacios televisivos nacionales como\u00a0<em>Sabor a Ti<\/em>\u00a0,\u00a0<em>De Buena Ma\u00f1ana<\/em>\u00a0,\u00a0<em>Cr\u00f3nicas Marcianas<\/em>\u00a0y fue finalista de\u00a0<em>Gente de Primera<\/em>\u00a0(TVE), adem\u00e1s de alcanzar la fase final del casting de\u00a0<em>Operaci\u00f3n Triunfo<\/em>\u00a0. Ha obtenido numerosos premios en festivales de la canci\u00f3n y ha desarrollado una intensa carrera en el mundo de las orquestas, formando parte durante diez a\u00f1os del\u00a0Grupo Arena\u00a0y realizando giras con\u00a0el Grupo Bomba\u00a0por Canarias, la Pen\u00ednsula y Suiza. Su versatilidad y experiencia la convierten en una de las voces m\u00e1s reconocidas del panorama musical canario.<\/p>\r\n\r\n\r\n\r\n<p class=\"wp-block-paragraph\"><strong>Cristino Moreno<\/strong><\/p>\r\n\r\n\r\n\r\n<p class=\"wp-block-paragraph\">Es un cantante de Barrial con una dilatada trayectoria musical y una gran versatilidad interpretativa. Ganador del certamen&nbsp;Voces de G\u00e1ldar 2024&nbsp;, protagoniz\u00f3 el espect\u00e1culo homenaje a&nbsp;Nino Bravo&nbsp;durante las Fiestas Mayores de Santiago. Es componente de la&nbsp;Charanga Vitamina Band&nbsp;y miembro de la&nbsp;Banda Municipal de M\u00fasica de G\u00e1ldar&nbsp;, formaci\u00f3n con la que ha participado tanto como instrumentista como cantante en numerosos conciertos y actos institucionales. Habitual en galas, pregones y eventos culturales, destaca por un amplio repertorio que abarca la canci\u00f3n mel\u00f3dica, las rancheras, los boleros y otros g\u00e9neros populares. En&nbsp;\u00abDel Hoy a la Ra\u00edz\u00bb&nbsp;pondr\u00e1 su voz al servicio del folclore tradicional canario, mostrando una faceta diferente de su reconocida trayectoria art\u00edstica.<\/p>\r\n\r\n\r\n\r\n<p class=\"wp-block-paragraph\">La danza volver\u00e1 a ocupar un lugar destacado con la participaci\u00f3n de la AFB Los Cabuqueros de Arucas y del Cuerpo de Baile Manantial, que aportar\u00e1n color, movimiento y tradici\u00f3n a una noche concebida para mostrar la riqueza del folclore canario en todas sus expresiones.<\/p>\r\n\r\n\r\n\r\n<p class=\"wp-block-paragraph\">Desde su creaci\u00f3n, el Encuentro Tradicional de Cantadores se ha consolidado como uno de los actos folcl\u00f3ricos m\u00e1s representativos de las fiestas de Barrial, reuniendo sobre un mismo escenario a algunas de las voces m\u00e1s destacadas de la m\u00fasica popular canaria y apostando siempre por la calidad art\u00edstica y el respeto al repertorio tradicional.<\/p>\r\n\r\n\r\n\r\n<p class=\"wp-block-paragraph\">A lo largo de sus diferentes ediciones han participado cantadores de la talla de Colacho Rodr\u00edguez, Am\u00e9rico Cabrera, Mari Naty Saavedra, Gonzalo Godoy, Antonio Mar\u00edn, Paco Hern\u00e1ndez, Samuel Hern\u00e1ndez, Fefina Roque, Carmelo Ojeda, Ylenia Rivero, Jonatan Medina, Cathaysa Est\u00e9vez, V\u00edctor Guill\u00e9n, Santiago Su\u00e1rez, Clemente Reyes, M\u00f3nica Gonz\u00e1lez y Eduardo Santana, dejando una huella imborrable en un encuentro que contin\u00faa creciendo a\u00f1o tras a\u00f1o.<\/p>\r\n\r\n\r\n\r\n<p class=\"wp-block-paragraph\">El lema \u00abDel Hoy a la Ra\u00edz\u00bb tambi\u00e9n queda reflejado en la imagen del cartel anunciador. La flor de la cebolla, s\u00edmbolo inseparable de Barrial y del propio Grupo Folcl\u00f3rico Los Cebolleros, representa la uni\u00f3n entre las ra\u00edces que permanecen bajo la tierra sosteniendo la vida y la flor que brota con fuerza hacia el exterior. Una met\u00e1fora que expresa c\u00f3mo la tradici\u00f3n se alimenta del pasado para seguir mirando en el presente gracias a nuevas voces y nuevos int\u00e9rpretes.<\/p>\r\n\r\n\r\n\r\n<p class=\"wp-block-paragraph\">M\u00e1s que un concierto, \u00abDel Hoy a la Ra\u00edz\u00bb ser\u00e1 una celebraci\u00f3n de la memoria colectiva, de la identidad canaria y del valor de un patrimonio musical transmitido de generaci\u00f3n en generaci\u00f3n. Una noche para reencontrarse con las ra\u00edces, emocionarse con la m\u00fasica tradicional y seguir demostrando que el folclore contin\u00faa plenamente vivo.<\/p>\r\n\r\n\r\n\r\n<p class=\"wp-block-paragraph\">La organizaci\u00f3n invita a vecinos y visitantes a disfrutar de una velada \u00fanica en la que la m\u00fasica, el canto y la danza volver\u00e1n a convertir a Barrial en punto de encuentro de la cultura popular canaria.<\/p>\r\n\r\n\r\n\r\n<p class=\"wp-block-paragraph\">El Encuentro Tradicional de Cantadores 2026 est\u00e1 organizado por el Grupo Folcl\u00f3rico Los Cebolleros de G\u00e1ldar, con la colaboraci\u00f3n de la Asociaci\u00f3n de Vecinos \u00abAmagro\u00bb de Barrial y del Ayuntamiento de G\u00e1ldar, y cuenta con el patrocinio del Cabildo de Gran Canaria, a trav\u00e9s de la Consejer\u00eda de Presidencia, dentro de la convocatoria de subvenciones destinadas al fomento del movimiento asociativo y la convivencia ciudadana.<\/p>\r\n\r\n\r\n\r\n<p class=\"wp-block-paragraph\"><\/p>\r\n","protected":false},"excerpt":{"rendered":"<p>&nbsp;La Plaza Jos\u00e9 Rodr\u00edguez Quintana de Barrial volver\u00e1 a convertirse en el gran escenario del folclore tradicional canario con la celebraci\u00f3n del Encuentro Tradicional de Cantadores 2026, que tendr\u00e1 lugar, si Dios quiere, el viernes 21 de agosto, a las 21:00, dentro del programa de las Fiestas en honor a Nuestra Se\u00f1ora de Los Desamparados. [&hellip;]<\/p>\n","protected":false},"author":50,"featured_media":4621,"comment_status":"open","ping_status":"open","sticky":false,"template":"","format":"standard","meta":{"wpai_generated_summary":"","wpai_meta_description":"","footnotes":""},"categories":[153],"tags":[],"class_list":["post-4620","post","type-post","status-publish","format-standard","has-post-thumbnail","hentry","category-galdar"],"_links":{"self":[{"href":"https:\/\/nublo.tv\/index.php\/wp-json\/wp\/v2\/posts\/4620","targetHints":{"allow":["GET"]}}],"collection":[{"href":"https:\/\/nublo.tv\/index.php\/wp-json\/wp\/v2\/posts"}],"about":[{"href":"https:\/\/nublo.tv\/index.php\/wp-json\/wp\/v2\/types\/post"}],"author":[{"embeddable":true,"href":"https:\/\/nublo.tv\/index.php\/wp-json\/wp\/v2\/users\/50"}],"replies":[{"embeddable":true,"href":"https:\/\/nublo.tv\/index.php\/wp-json\/wp\/v2\/comments?post=4620"}],"version-history":[{"count":1,"href":"https:\/\/nublo.tv\/index.php\/wp-json\/wp\/v2\/posts\/4620\/revisions"}],"predecessor-version":[{"id":4622,"href":"https:\/\/nublo.tv\/index.php\/wp-json\/wp\/v2\/posts\/4620\/revisions\/4622"}],"wp:featuredmedia":[{"embeddable":true,"href":"https:\/\/nublo.tv\/index.php\/wp-json\/wp\/v2\/media\/4621"}],"wp:attachment":[{"href":"https:\/\/nublo.tv\/index.php\/wp-json\/wp\/v2\/media?parent=4620"}],"wp:term":[{"taxonomy":"category","embeddable":true,"href":"https:\/\/nublo.tv\/index.php\/wp-json\/wp\/v2\/categories?post=4620"},{"taxonomy":"post_tag","embeddable":true,"href":"https:\/\/nublo.tv\/index.php\/wp-json\/wp\/v2\/tags?post=4620"}],"curies":[{"name":"wp","href":"https:\/\/api.w.org\/{rel}","templated":true}]}}