{"id":4623,"date":"2026-08-17T21:03:26","date_gmt":"2026-08-17T20:03:26","guid":{"rendered":"https:\/\/nublo.tv\/?p=4623"},"modified":"2026-08-29T08:57:49","modified_gmt":"2026-08-29T07:57:49","slug":"la-aldea-de-san-nicolas-acerca-a-15-jovenes-del-municipio-el-patrimonio-la-cultura-y-el-ocio-de-bilbao","status":"publish","type":"post","link":"https:\/\/nublo.tv\/index.php\/2026\/08\/17\/la-aldea-de-san-nicolas-acerca-a-15-jovenes-del-municipio-el-patrimonio-la-cultura-y-el-ocio-de-bilbao\/","title":{"rendered":"La Aldea de San Nicol\u00e1s acerca a 15 j\u00f3venes del municipio el patrimonio, la cultura y el ocio de Bilbao"},"content":{"rendered":"<p><span style=\"font-weight: 400\">El Ayuntamiento de La Aldea de San Nicol\u00e1s, a trav\u00e9s de la Concejal\u00eda de Juventud que dirige Miguel Ulises Afonso, ha promovido un viaje cultural a Bilbao en el que han participado 15 j\u00f3venes del municipio con el objetivo de acercarles al patrimonio hist\u00f3rico, cultural y art\u00edstico de la ciudad y ofrecerles una experiencia de convivencia y ocio educativo fuera de la isla. La actividad ha contado con la subvenci\u00f3n de la Consejer\u00eda de Educaci\u00f3n y Juventud del Cabildo de Gran Canaria.<\/span><\/p>\n<p><span style=\"font-weight: 400\">Durante los cuatro d\u00edas de estancia, del 7 al 10 de agosto, los j\u00f3venes pudieron conocer algunos de los principales espacios y elementos que forman parte de la identidad de Bilbao, combinando visitas culturales con actividades de ocio y aventura. El programa permiti\u00f3 realizar un recorrido por el Casco Viejo y las conocidas Siete Calles, acerc\u00e1ndose a la historia de lugares emblem\u00e1ticos como la Catedral de Santiago, la iglesia de San Ant\u00f3n y el Mercado de la Ribera, adem\u00e1s de visitar la Plaza Nueva, la Plaza de Miguel de Unamuno y el Teatro Arriaga.<\/span><\/p>\n<p><span style=\"font-weight: 400\">La programaci\u00f3n tambi\u00e9n permiti\u00f3 descubrir el Bilbao contempor\u00e1neo a trav\u00e9s de espacios como la Gran V\u00eda de Don Diego L\u00f3pez de Haro, la Plaza Moy\u00faa, la Plaza Euskadi y el entorno de la Torre Iberdrola, as\u00ed como conocer el Puente de La Salve y disfrutar de las vistas sobre la r\u00eda del Nervi\u00f3n.<\/span><\/p>\n<p><span style=\"font-weight: 400\">Uno de los momentos destacados del viaje fue la visita al Museo Guggenheim Bilbao, donde los participantes pudieron conocer de cerca una de las principales referencias de la arquitectura y el arte contempor\u00e1neo, adem\u00e1s de recorrer sus diferentes espacios y contemplar algunas de sus obras m\u00e1s representativas.<\/span><\/p>\n<p><span style=\"font-weight: 400\">La propuesta cultural se complet\u00f3 con una visita al estadio de San Mam\u00e9s y el Tour San Mam\u00e9s + Museo, que permiti\u00f3 a los j\u00f3venes conocer la historia y las instalaciones de uno de los espacios deportivos m\u00e1s emblem\u00e1ticos de Bilbao. Asimismo, el programa incluy\u00f3 una jornada de ocio y aventura en KNS Aventura.<\/span><\/p>\n<p><span style=\"font-weight: 400\">A lo largo del viaje, los participantes tuvieron tambi\u00e9n la oportunidad de acercarse a las tradiciones y la gastronom\u00eda local, conociendo productos y elaboraciones caracter\u00edsticas como los pintxos, las gildas y diferentes dulces tradicionales.<\/span><\/p>\n<p><span style=\"font-weight: 400\">\u201cEste tipo de viajes ofrecen a nuestros j\u00f3venes la posibilidad de conocer otros territorios, descubrir nuevas realidades culturales y compartir experiencias con otros chicos y chicas del municipio\u201d, ha destacado el concejal de Juventud, Miguel Ulises Afonso, se\u00f1alando adem\u00e1s que \u201cqueremos seguir impulsando actividades que combinen cultura, ocio y convivencia porque tambi\u00e9n son una herramienta para fomentar la autonom\u00eda, la participaci\u00f3n y el enriquecimiento personal de nuestra juventud\u201d.<\/span><\/p>\n<p><span style=\"font-weight: 400\">Asimismo, el concejal ha querido trasladar su agradecimiento a los 15 j\u00f3venes participantes por \u201cel buen comportamiento, la actitud y el respeto que han demostrado durante todo el viaje, representando a nuestro municipio de manera ejemplar\u201d.\u00a0<\/span><\/p>\n<p><span style=\"font-weight: 400\">Desde el Ayuntamiento de La Aldea de San Nicol\u00e1s nos gustar\u00eda agradecer la colaboraci\u00f3n de la Consejer\u00eda de Educaci\u00f3n y Juventud del Cabildo de Gran Canaria, cuyo apoyo ha permitido desarrollar esta iniciativa, as\u00ed como la participaci\u00f3n de los j\u00f3venes y su implicaci\u00f3n durante las distintas actividades programadas.<\/span><\/p>\n<p>es\u00bb>La Aldea<\/a>.<\/p>\n","protected":false},"excerpt":{"rendered":"<p>El Ayuntamiento de La Aldea de San Nicol\u00e1s, a trav\u00e9s de la Concejal\u00eda de Juventud que dirige Miguel Ulises Afonso, ha promovido un viaje cultural a Bilbao en el que&hellip;<\/p>\n","protected":false},"author":1,"featured_media":4624,"comment_status":"open","ping_status":"open","sticky":false,"template":"","format":"standard","meta":{"wpai_generated_summary":"","wpai_meta_description":"","footnotes":""},"categories":[131],"tags":[],"class_list":["post-4623","post","type-post","status-publish","format-standard","has-post-thumbnail","hentry","category-ayuntamiento-de-la-aldea-de-san-nicolas"],"_links":{"self":[{"href":"https:\/\/nublo.tv\/index.php\/wp-json\/wp\/v2\/posts\/4623","targetHints":{"allow":["GET"]}}],"collection":[{"href":"https:\/\/nublo.tv\/index.php\/wp-json\/wp\/v2\/posts"}],"about":[{"href":"https:\/\/nublo.tv\/index.php\/wp-json\/wp\/v2\/types\/post"}],"author":[{"embeddable":true,"href":"https:\/\/nublo.tv\/index.php\/wp-json\/wp\/v2\/users\/1"}],"replies":[{"embeddable":true,"href":"https:\/\/nublo.tv\/index.php\/wp-json\/wp\/v2\/comments?post=4623"}],"version-history":[{"count":2,"href":"https:\/\/nublo.tv\/index.php\/wp-json\/wp\/v2\/posts\/4623\/revisions"}],"predecessor-version":[{"id":18124,"href":"https:\/\/nublo.tv\/index.php\/wp-json\/wp\/v2\/posts\/4623\/revisions\/18124"}],"wp:featuredmedia":[{"embeddable":true,"href":"https:\/\/nublo.tv\/index.php\/wp-json\/wp\/v2\/media\/4624"}],"wp:attachment":[{"href":"https:\/\/nublo.tv\/index.php\/wp-json\/wp\/v2\/media?parent=4623"}],"wp:term":[{"taxonomy":"category","embeddable":true,"href":"https:\/\/nublo.tv\/index.php\/wp-json\/wp\/v2\/categories?post=4623"},{"taxonomy":"post_tag","embeddable":true,"href":"https:\/\/nublo.tv\/index.php\/wp-json\/wp\/v2\/tags?post=4623"}],"curies":[{"name":"wp","href":"https:\/\/api.w.org\/{rel}","templated":true}]}}