{"id":4626,"date":"2026-08-17T20:52:45","date_gmt":"2026-08-17T19:52:45","guid":{"rendered":"https:\/\/nublo.tv\/?p=4626"},"modified":"2026-08-17T23:16:21","modified_gmt":"2026-08-17T22:16:21","slug":"agaete-acompana-a-nuestra-senora-de-las-nieves-en-su-regreso-a-la-ermita-junto-al-mar","status":"publish","type":"post","link":"https:\/\/nublo.tv\/index.php\/2026\/08\/17\/agaete-acompana-a-nuestra-senora-de-las-nieves-en-su-regreso-a-la-ermita-junto-al-mar\/","title":{"rendered":"Agaete acompa\u00f1a a Nuestra Se\u00f1ora de Las Nieves en su regreso a la ermita junto al mar"},"content":{"rendered":"\r\n<h4 class=\"wp-block-heading\">Nublo TV ofrece un amplio seguimiento en v\u00eddeo de uno de los momentos m\u00e1s emotivos de las fiestas de Agaete.<\/h4>\r\n\r\n\r\n\r\n<p class=\"wp-block-paragraph\">Agaete volvi\u00f3 a echarse a la calle para acompa\u00f1ar a Nuestra Se\u00f1ora de Las Nieves en su regreso a la ermita del Puerto de Las Nieves, en una de las citas m\u00e1s sentidas y simb\u00f3licas de las fiestas en honor a la patrona.<\/p>\r\n\r\n\r\n\r\n<p class=\"wp-block-paragraph\">La imagen emprendi\u00f3 el camino desde la Iglesia de la Concepci\u00f3n arropada por una multitud de vecinos, vecinas y visitantes. Promesas, muestras de devoci\u00f3n y numerosos pies descalzos marcaron un recorrido que volvi\u00f3 a unir al municipio alrededor de una tradici\u00f3n profundamente arraigada en las familias agaetenses.<\/p>\r\n\r\n\r\n<div class=\"wp-block-image\">\r\n<figure class=\"aligncenter size-large\"><img loading=\"lazy\" decoding=\"async\" width=\"1024\" height=\"576\" src=\"https:\/\/nublo.tv\/wp-content\/uploads\/2026\/08\/vlcsnap-2026-08-17-20h50m39s629-1024x576.png\" alt=\"\" class=\"wp-image-4630\" srcset=\"https:\/\/nublo.tv\/wp-content\/uploads\/2026\/08\/vlcsnap-2026-08-17-20h50m39s629-1024x576.png 1024w, https:\/\/nublo.tv\/wp-content\/uploads\/2026\/08\/vlcsnap-2026-08-17-20h50m39s629-300x169.png 300w, https:\/\/nublo.tv\/wp-content\/uploads\/2026\/08\/vlcsnap-2026-08-17-20h50m39s629-768x432.png 768w, https:\/\/nublo.tv\/wp-content\/uploads\/2026\/08\/vlcsnap-2026-08-17-20h50m39s629-1536x864.png 1536w, https:\/\/nublo.tv\/wp-content\/uploads\/2026\/08\/vlcsnap-2026-08-17-20h50m39s629.png 1920w\" sizes=\"auto, (max-width: 1024px) 100vw, 1024px\" \/><\/figure>\r\n<\/div>\r\n\r\n\r\n<p class=\"wp-block-paragraph\">Uno de los instantes de mayor emoci\u00f3n se produjo cuando la imagen gir\u00f3 para despedirse del casco de la Villa. El gesto fue respondido con un intenso aplauso, reflejo del cari\u00f1o y la devoci\u00f3n de un pueblo que acompa\u00f1\u00f3 a su Se\u00f1ora hasta su hogar frente al Atl\u00e1ntico.<\/p>\r\n\r\n\r\n\r\n<p class=\"wp-block-paragraph\">A lo largo del trayecto hacia el Puerto de Las Nieves no faltaron las lluvias de flores, las salves, los cantos y las tracas. La Agrupaci\u00f3n Musical Guayedra puso m\u00fasica a una comitiva multitudinaria que convirti\u00f3 las calles en un gran punto de encuentro entre fe, identidad y tradici\u00f3n.<\/p>\r\n\r\n\r\n\r\n<p class=\"wp-block-paragraph\">La llegada de Nuestra Se\u00f1ora de Las Nieves a su ermita coincidi\u00f3 tambi\u00e9n con la tradicional bajada de la bandera de las fiestas, s\u00edmbolo del cierre de un mes de celebraciones que ha vuelto a reunir a Agaete en torno a sus costumbres.<\/p>\r\n\r\n\r\n\r\n<p class=\"wp-block-paragraph\">Con el repique de las campanas y la renovaci\u00f3n de las promesas de su gente, la patrona descansa ya en su casa junto al mar. Un final cargado de emoci\u00f3n para unas fiestas que, aunque encaran sus \u00faltimos d\u00edas, a\u00fan mantienen citas musicales y culturales en el municipio.<\/p>\r\n\r\n\r\n<div class=\"wp-block-image\">\r\n<figure class=\"aligncenter size-large\"><img loading=\"lazy\" decoding=\"async\" width=\"1024\" height=\"576\" src=\"https:\/\/nublo.tv\/wp-content\/uploads\/2026\/08\/vlcsnap-2026-08-17-20h50m19s029-1024x576.png\" alt=\"\" class=\"wp-image-4632\" srcset=\"https:\/\/nublo.tv\/wp-content\/uploads\/2026\/08\/vlcsnap-2026-08-17-20h50m19s029-1024x576.png 1024w, https:\/\/nublo.tv\/wp-content\/uploads\/2026\/08\/vlcsnap-2026-08-17-20h50m19s029-300x169.png 300w, https:\/\/nublo.tv\/wp-content\/uploads\/2026\/08\/vlcsnap-2026-08-17-20h50m19s029-768x432.png 768w, https:\/\/nublo.tv\/wp-content\/uploads\/2026\/08\/vlcsnap-2026-08-17-20h50m19s029-1536x864.png 1536w, https:\/\/nublo.tv\/wp-content\/uploads\/2026\/08\/vlcsnap-2026-08-17-20h50m19s029.png 1920w\" sizes=\"auto, (max-width: 1024px) 100vw, 1024px\" \/><\/figure>\r\n<\/div>\r\n\r\n\r\n<p class=\"wp-block-paragraph\"><strong>Nublo TV ha estado presente durante todo el recorrido y ofrece un amplio v\u00eddeo con los momentos m\u00e1s destacados de este regreso de Nuestra Se\u00f1ora de Las Nieves a su ermita.<\/strong><\/p>\r\n\r\n\r\n\r\n<p class=\"has-text-align-center wp-block-paragraph\">Puede disfrutarse ya en nuestra hemeroteca de v\u00eddeo. <strong>Pincha en el bot\u00f3n para ver el reportaje completo o desde el reproductor.<\/strong><\/p>\r\n\r\n\r\n\r\n<div class=\"wp-block-buttons is-layout-flex wp-block-buttons-is-layout-flex\">\r\n<div class=\"wp-block-button has-custom-width wp-block-button__width-50 is-style-fill\"><a class=\"wp-block-button__link has-background has-large-font-size has-custom-font-size wp-element-button\" style=\"border-style:none;border-width:0px;border-top-left-radius:18px;border-top-right-radius:18px;border-bottom-left-radius:18px;border-bottom-right-radius:18px;background-color:#338ec3;padding-top:var(--wp--preset--spacing--30);padding-right:0;padding-bottom:var(--wp--preset--spacing--30);padding-left:0\">HEMEROTECA<\/a><\/div>\r\n<\/div>\r\n\r\n\r\n\r\n<p class=\"wp-block-paragraph\"><\/p>\r\n\r\n\r\n\r\n<figure class=\"wp-block-embed is-type-video is-provider-youtube wp-block-embed-youtube wp-embed-aspect-16-9 wp-has-aspect-ratio\"><div class=\"wp-block-embed__wrapper\">\r\n<iframe loading=\"lazy\" title=\"Procesi\u00f3n regreso a &amp;apos;casa&amp;apos; Nuestra Se\u00f1ora de Las Nieves\" width=\"640\" height=\"360\" src=\"https:\/\/www.youtube.com\/embed\/ojov198FUws?feature=oembed\" frameborder=\"0\" allow=\"accelerometer; autoplay; clipboard-write; encrypted-media; gyroscope; picture-in-picture; web-share\" referrerpolicy=\"strict-origin-when-cross-origin\" allowfullscreen><\/iframe>\r\n<\/div><\/figure>\r\n\r\n\r\n\r\n<p class=\"wp-block-paragraph\"><\/p>\r\n","protected":false},"excerpt":{"rendered":"<p>Nublo TV ofrece un amplio seguimiento en v\u00eddeo de uno de los momentos m\u00e1s emotivos de las fiestas de Agaete. Agaete volvi\u00f3 a echarse a la calle para acompa\u00f1ar a Nuestra Se\u00f1ora de Las Nieves en su regreso a la ermita del Puerto de Las Nieves, en una de las citas m\u00e1s sentidas y simb\u00f3licas [&hellip;]<\/p>\n","protected":false},"author":1,"featured_media":4629,"comment_status":"open","ping_status":"open","sticky":false,"template":"","format":"standard","meta":{"wpai_generated_summary":"","wpai_meta_description":"","footnotes":""},"categories":[1],"tags":[],"class_list":["post-4626","post","type-post","status-publish","format-standard","has-post-thumbnail","hentry","category-opinion"],"_links":{"self":[{"href":"https:\/\/nublo.tv\/index.php\/wp-json\/wp\/v2\/posts\/4626","targetHints":{"allow":["GET"]}}],"collection":[{"href":"https:\/\/nublo.tv\/index.php\/wp-json\/wp\/v2\/posts"}],"about":[{"href":"https:\/\/nublo.tv\/index.php\/wp-json\/wp\/v2\/types\/post"}],"author":[{"embeddable":true,"href":"https:\/\/nublo.tv\/index.php\/wp-json\/wp\/v2\/users\/1"}],"replies":[{"embeddable":true,"href":"https:\/\/nublo.tv\/index.php\/wp-json\/wp\/v2\/comments?post=4626"}],"version-history":[{"count":3,"href":"https:\/\/nublo.tv\/index.php\/wp-json\/wp\/v2\/posts\/4626\/revisions"}],"predecessor-version":[{"id":4654,"href":"https:\/\/nublo.tv\/index.php\/wp-json\/wp\/v2\/posts\/4626\/revisions\/4654"}],"wp:featuredmedia":[{"embeddable":true,"href":"https:\/\/nublo.tv\/index.php\/wp-json\/wp\/v2\/media\/4629"}],"wp:attachment":[{"href":"https:\/\/nublo.tv\/index.php\/wp-json\/wp\/v2\/media?parent=4626"}],"wp:term":[{"taxonomy":"category","embeddable":true,"href":"https:\/\/nublo.tv\/index.php\/wp-json\/wp\/v2\/categories?post=4626"},{"taxonomy":"post_tag","embeddable":true,"href":"https:\/\/nublo.tv\/index.php\/wp-json\/wp\/v2\/tags?post=4626"}],"curies":[{"name":"wp","href":"https:\/\/api.w.org\/{rel}","templated":true}]}}