{"id":4627,"date":"2026-08-18T11:15:00","date_gmt":"2026-08-18T10:15:00","guid":{"rendered":"https:\/\/nublo.tv\/?p=4627"},"modified":"2026-08-17T21:03:25","modified_gmt":"2026-08-17T20:03:25","slug":"barrial-pone-en-valor-la-escala-en-hi-fi-con-una-noche-dedicada-al-talento-y-el-reconocimiento-a-lali-la-panadera","status":"publish","type":"post","link":"https:\/\/nublo.tv\/index.php\/2026\/08\/18\/barrial-pone-en-valor-la-escala-en-hi-fi-con-una-noche-dedicada-al-talento-y-el-reconocimiento-a-lali-la-panadera\/","title":{"rendered":"Barrial pone en valor la Escala en Hi-Fi con una noche dedicada al talento y el reconocimiento a \u201cLali la Panadera\u201d."},"content":{"rendered":"\n<p class=\"wp-block-paragraph\">El encuentro se celebrar\u00e1 este mi\u00e9rcoles 19 de agosto, a las 21:00 horas, en la Plaza Jos\u00e9 Rodr\u00edguez Quintana, con la participaci\u00f3n de Las Divinas de La Monta\u00f1a y Valle de Agaete y un reconocimiento a Candelaria Quesada Montesdeoca \u201cLali la Panadera\u201d<\/p>\n\n\n\n<p class=\"wp-block-paragraph\">Las Fiestas en honor a Nuestra Se\u00f1ora de los Desamparados 2026 contin\u00faan este mi\u00e9rcoles 19 de agosto con una jornada en la que la Escala en Hi-Fi volver\u00e1 a ocupar un lugar destacado dentro de la programaci\u00f3n festiva de Barrial, recuperando una expresi\u00f3n art\u00edstica que durante d\u00e9cadas ha estado vinculada a la participaci\u00f3n de los propios vecinos y vecinas del barrio.<\/p>\n\n\n\n<p class=\"wp-block-paragraph\">A las 21:00 horas, la Plaza Jos\u00e9 Rodr\u00edguez Quintana ser\u00e1 escenario del Encuentro de grupos de Escala en Hi-Fi, una cita que contar\u00e1 con la participaci\u00f3n de Las Divinas de La Monta\u00f1a y Valle de Agaete.<\/p>\n\n\n\n<p class=\"wp-block-paragraph\">El presidente de la Comisi\u00f3n de Fiestas Pepe Garc\u00eda, recuerda la estrecha relaci\u00f3n que hist\u00f3ricamente ha mantenido Barrial con la Escala en Hi-Fi y el papel que durante a\u00f1os desempe\u00f1aron los propios vecinos en estas representaciones.<\/p>\n\n\n\n<p class=\"wp-block-paragraph\">\u201cDesde tiempos remotos, la Escala en Hi-Fi ha formado parte de la historia festiva de Barrial. Es verdad que no siempre ha tenido la misma presencia ni se ha vivido con la misma intensidad, pero forma parte de nuestros recuerdos. \u00bfQui\u00e9n no recuerda aquel grupo que ten\u00edamos en el barrio y en el que participaban nuestros propios vecinos y vecinas?\u201d, se\u00f1ala.<\/p>\n\n\n\n<p class=\"wp-block-paragraph\">Para Garc\u00eda, recuperar y mantener este tipo de propuestas supone tambi\u00e9n conservar una parte de la memoria colectiva del barrio. \u201cLa Escala en Hi-Fi no era solamente subir a un escenario y representar una canci\u00f3n. Era participaci\u00f3n, era ilusi\u00f3n y era gente del barrio preparando durante d\u00edas sus actuaciones para despu\u00e9s compartirlas con todos. Muchos guardan recuerdos de aquellas noches y de las personas que participaban\u201d, explica.<\/p>\n\n\n\n<p class=\"wp-block-paragraph\">El presidente considera que el encuentro de este mi\u00e9rcoles permite precisamente mantener abierta esa tradici\u00f3n y ofrecerle un espacio dentro de las fiestas. \u201cAunque los tiempos cambian y las formas de participar tambi\u00e9n, creemos que es importante que nuestras fiestas sigan teniendo un espacio para este tipo de expresiones. La tradici\u00f3n tambi\u00e9n consiste en saber conservar aquello que forma parte de nuestros recuerdos y darle nuevas oportunidades para seguir vivo\u201d.<\/p>\n\n\n\n<p class=\"wp-block-paragraph\">La noche tendr\u00e1 adem\u00e1s un marcado componente emotivo con el reconocimiento a Candelaria Quesada Montesdeoca, conocida cari\u00f1osamente como \u201cLali la Panadera\u201d, una mujer que siempre ha estado involucrada en este movimiento art\u00edstico y que ha demostrado su talento, ingenio y compromiso con una actividad que forma parte de la memoria festiva del noroeste grancanario.<\/p>\n\n\n\n<p class=\"wp-block-paragraph\">Con este reconocimiento, Barrial quiere poner en valor no solo su trayectoria personal, sino tambi\u00e9n la aportaci\u00f3n de tantas personas que, como Lali, han mantenido viva la Escala en Hi-Fi, participando, creando y haciendo posible que esta expresi\u00f3n art\u00edstica formara parte de las fiestas y de la vida del barrio.<\/p>\n\n\n\n<p class=\"wp-block-paragraph\">El homenaje permitir\u00e1 as\u00ed reconocer a una mujer estrechamente vinculada a este movimiento art\u00edstico, cuya implicaci\u00f3n y capacidad creativa han contribuido a mantener una tradici\u00f3n basada en la participaci\u00f3n y el ingenio.<\/p>\n\n\n\n<p class=\"wp-block-paragraph\">La combinaci\u00f3n de la Escala en Hi-Fi y el reconocimiento a Lali la Panadera convierte la cita en una noche que une talento y memoria, dos elementos estrechamente relacionados con unas fiestas que, adem\u00e1s de ofrecer entretenimiento, pretenden conservar las historias y las personas que han contribuido a construir la identidad en este caso del municipio de G\u00e1ldar.<\/p>\n","protected":false},"excerpt":{"rendered":"<p>El encuentro se celebrar\u00e1 este mi\u00e9rcoles 19 de agosto, a las 21:00 horas, en la Plaza Jos\u00e9 Rodr\u00edguez Quintana, con la participaci\u00f3n de Las Divinas de La Monta\u00f1a y Valle de Agaete y un reconocimiento a Candelaria Quesada Montesdeoca \u201cLali la Panadera\u201d Las Fiestas en honor a Nuestra Se\u00f1ora de los Desamparados 2026 contin\u00faan este [&hellip;]<\/p>\n","protected":false},"author":50,"featured_media":4631,"comment_status":"open","ping_status":"open","sticky":false,"template":"","format":"standard","meta":{"wpai_generated_summary":"","wpai_meta_description":"","footnotes":""},"categories":[153,121],"tags":[],"class_list":["post-4627","post","type-post","status-publish","format-standard","has-post-thumbnail","hentry","category-galdar","category-noticias"],"_links":{"self":[{"href":"https:\/\/nublo.tv\/index.php\/wp-json\/wp\/v2\/posts\/4627","targetHints":{"allow":["GET"]}}],"collection":[{"href":"https:\/\/nublo.tv\/index.php\/wp-json\/wp\/v2\/posts"}],"about":[{"href":"https:\/\/nublo.tv\/index.php\/wp-json\/wp\/v2\/types\/post"}],"author":[{"embeddable":true,"href":"https:\/\/nublo.tv\/index.php\/wp-json\/wp\/v2\/users\/50"}],"replies":[{"embeddable":true,"href":"https:\/\/nublo.tv\/index.php\/wp-json\/wp\/v2\/comments?post=4627"}],"version-history":[{"count":1,"href":"https:\/\/nublo.tv\/index.php\/wp-json\/wp\/v2\/posts\/4627\/revisions"}],"predecessor-version":[{"id":4633,"href":"https:\/\/nublo.tv\/index.php\/wp-json\/wp\/v2\/posts\/4627\/revisions\/4633"}],"wp:featuredmedia":[{"embeddable":true,"href":"https:\/\/nublo.tv\/index.php\/wp-json\/wp\/v2\/media\/4631"}],"wp:attachment":[{"href":"https:\/\/nublo.tv\/index.php\/wp-json\/wp\/v2\/media?parent=4627"}],"wp:term":[{"taxonomy":"category","embeddable":true,"href":"https:\/\/nublo.tv\/index.php\/wp-json\/wp\/v2\/categories?post=4627"},{"taxonomy":"post_tag","embeddable":true,"href":"https:\/\/nublo.tv\/index.php\/wp-json\/wp\/v2\/tags?post=4627"}],"curies":[{"name":"wp","href":"https:\/\/api.w.org\/{rel}","templated":true}]}}