{"id":4635,"date":"2026-08-19T11:15:00","date_gmt":"2026-08-19T10:15:00","guid":{"rendered":"https:\/\/nublo.tv\/?p=4635"},"modified":"2026-08-17T21:02:52","modified_gmt":"2026-08-17T20:02:52","slug":"barrial-busca-el-talento-sobre-el-escenario-con-la-cuarta-edicion-del-talento-show","status":"publish","type":"post","link":"https:\/\/nublo.tv\/index.php\/2026\/08\/19\/barrial-busca-el-talento-sobre-el-escenario-con-la-cuarta-edicion-del-talento-show\/","title":{"rendered":"Barrial busca el talento sobre el escenario con la cuarta edici\u00f3n del Talento Show"},"content":{"rendered":"\n<p class=\"wp-block-paragraph\"><em>La Plaza Jos\u00e9 Rodr\u00edguez Quintana acoger\u00e1 este jueves 20 de agosto, a partir de las 20:00 horas, una nueva edici\u00f3n de esta iniciativa organizada por Tagoror Ajei<\/em><\/p>\n\n\n\n<p class=\"wp-block-paragraph\">Las Fiestas en honor a Nuestra Se\u00f1ora de los Desamparados 2026 contin\u00faan este jueves 20 de agosto con una de las propuestas que apuesta directamente por la participaci\u00f3n y por ofrecer un espacio donde las habilidades y capacidades de los participantes puedan convertirse en protagonistas.<\/p>\n\n\n\n<p class=\"wp-block-paragraph\">A partir de las 20:00 horas, la Plaza Jos\u00e9 Rodr\u00edguez Quintana acoger\u00e1 la cuarta edici\u00f3n del Talento Show, una iniciativa organizada por Tagoror Ajei que vuelve a incorporarse al programa festivo de Barrial para ofrecer una noche dedicada al talento en sus diferentes formas.<\/p>\n\n\n\n<p class=\"wp-block-paragraph\">El escenario de la plaza se convertir\u00e1 durante la jornada en un espacio abierto a la creatividad y a la participaci\u00f3n, permitiendo que quienes se sumen a esta iniciativa puedan mostrar ante el p\u00fablico aquellas habilidades que han ido desarrollando y que, en muchas ocasiones, permanecen alejadas de los escenarios.<\/p>\n\n\n\n<p class=\"wp-block-paragraph\">La celebraci\u00f3n de una nueva edici\u00f3n del Talento Show pone de manifiesto, adem\u00e1s, la apuesta de las fiestas de Barrial por incorporar propuestas que permitan la participaci\u00f3n directa de la ciudadan\u00eda y que den cabida a diferentes generaciones y formas de expresi\u00f3n.<\/p>\n\n\n\n<p class=\"wp-block-paragraph\">Desde la organizaci\u00f3n se destaca la importancia de seguir generando este tipo de espacios dentro de las fiestas, entendiendo que el talento tambi\u00e9n forma parte de la vida de una comunidad y que ofrecer un escenario a quienes quieren compartir sus habilidades contribuye a fortalecer la participaci\u00f3n y la convivencia.<\/p>\n\n\n\n<p class=\"wp-block-paragraph\">El IV Talento Show se suma de esta manera a una programaci\u00f3n que busca combinar tradici\u00f3n, cultura, participaci\u00f3n y entretenimiento, ofreciendo propuestas diferentes a lo largo de varias semanas y haciendo que las fiestas sean tambi\u00e9n una oportunidad para descubrir y poner en valor el talento que existe dentro y fuera del propio barrio.<\/p>\n","protected":false},"excerpt":{"rendered":"<p>La Plaza Jos\u00e9 Rodr\u00edguez Quintana acoger\u00e1 este jueves 20 de agosto, a partir de las 20:00 horas, una nueva edici\u00f3n de esta iniciativa organizada por Tagoror Ajei Las Fiestas en honor a Nuestra Se\u00f1ora de los Desamparados 2026 contin\u00faan este jueves 20 de agosto con una de las propuestas que apuesta directamente por la participaci\u00f3n [&hellip;]<\/p>\n","protected":false},"author":50,"featured_media":4636,"comment_status":"open","ping_status":"open","sticky":false,"template":"","format":"standard","meta":{"wpai_generated_summary":"","wpai_meta_description":"","footnotes":""},"categories":[153,121],"tags":[],"class_list":["post-4635","post","type-post","status-publish","format-standard","has-post-thumbnail","hentry","category-galdar","category-noticias"],"_links":{"self":[{"href":"https:\/\/nublo.tv\/index.php\/wp-json\/wp\/v2\/posts\/4635","targetHints":{"allow":["GET"]}}],"collection":[{"href":"https:\/\/nublo.tv\/index.php\/wp-json\/wp\/v2\/posts"}],"about":[{"href":"https:\/\/nublo.tv\/index.php\/wp-json\/wp\/v2\/types\/post"}],"author":[{"embeddable":true,"href":"https:\/\/nublo.tv\/index.php\/wp-json\/wp\/v2\/users\/50"}],"replies":[{"embeddable":true,"href":"https:\/\/nublo.tv\/index.php\/wp-json\/wp\/v2\/comments?post=4635"}],"version-history":[{"count":1,"href":"https:\/\/nublo.tv\/index.php\/wp-json\/wp\/v2\/posts\/4635\/revisions"}],"predecessor-version":[{"id":4637,"href":"https:\/\/nublo.tv\/index.php\/wp-json\/wp\/v2\/posts\/4635\/revisions\/4637"}],"wp:featuredmedia":[{"embeddable":true,"href":"https:\/\/nublo.tv\/index.php\/wp-json\/wp\/v2\/media\/4636"}],"wp:attachment":[{"href":"https:\/\/nublo.tv\/index.php\/wp-json\/wp\/v2\/media?parent=4635"}],"wp:term":[{"taxonomy":"category","embeddable":true,"href":"https:\/\/nublo.tv\/index.php\/wp-json\/wp\/v2\/categories?post=4635"},{"taxonomy":"post_tag","embeddable":true,"href":"https:\/\/nublo.tv\/index.php\/wp-json\/wp\/v2\/tags?post=4635"}],"curies":[{"name":"wp","href":"https:\/\/api.w.org\/{rel}","templated":true}]}}