{"id":4638,"date":"2026-08-21T11:15:00","date_gmt":"2026-08-21T10:15:00","guid":{"rendered":"https:\/\/nublo.tv\/?p=4638"},"modified":"2026-08-17T21:02:19","modified_gmt":"2026-08-17T20:02:19","slug":"manana-llega-a-barrial-su-fiesta-canaria-un-acto-con-identidad-propia","status":"publish","type":"post","link":"https:\/\/nublo.tv\/index.php\/2026\/08\/21\/manana-llega-a-barrial-su-fiesta-canaria-un-acto-con-identidad-propia\/","title":{"rendered":"Ma\u00f1ana llega a Barrial su Fiesta Canaria, un acto con identidad propia"},"content":{"rendered":"\n<p class=\"wp-block-paragraph\"><em>La cita se celebrar\u00e1 este s\u00e1bado 22 de agosto, a las 21:00 horas, en la Plaza Jos\u00e9 Rodr\u00edguez Quintana, con las actuaciones de Farall\u00f3n de T\u00e1bata, Parranda At\u00e9jale y Nos Vamos y Parranda El Molinillo<\/em><\/p>\n\n\n\n<p class=\"wp-block-paragraph\">Barrial ya tiene todo preparado para celebrar ma\u00f1ana, s\u00e1bado 22 de agosto, una nueva edici\u00f3n de su Fiesta Canaria, una de las citas m\u00e1s caracter\u00edsticas de las Fiestas en honor a Nuestra Se\u00f1ora de los Desamparados. El encuentro comenzar\u00e1 a las 21:00 horas en la Plaza Jos\u00e9 Rodr\u00edguez Quintana.<\/p>\n\n\n\n<p class=\"wp-block-paragraph\">La Fiesta Canaria naci\u00f3 en 2004 como una iniciativa propia del barrio para poner en valor la identidad canaria dentro de sus fiestas. Desde el principio se apost\u00f3 por una celebraci\u00f3n diferente a una romer\u00eda, basada en la vestimenta tradicional, la m\u00fasica, los cantos, los bailes, la gastronom\u00eda y la convivencia.<\/p>\n\n\n\n<p class=\"wp-block-paragraph\">M\u00e1s de dos d\u00e9cadas despu\u00e9s, aquella iniciativa contin\u00faa siendo uno de los actos que distinguen y personalizan las fiestas de Barrial, convirti\u00e9ndose adem\u00e1s en una propuesta que ha servido de referencia para otros barrios y municipios que posteriormente han incorporado celebraciones similares.<\/p>\n\n\n\n<p class=\"wp-block-paragraph\">El presidente de la Asociaci\u00f3n de Vecinos Amagro Pepe Garc\u00eda, destaca que \u00abBarrial fue pionera en esta iniciativa y la Fiesta Canaria se ha convertido en uno de nuestros actos con identidad propia, una noche para encontrarnos, compartir y poner en valor nuestras tradiciones\u00bb.<\/p>\n\n\n\n<p class=\"wp-block-paragraph\">La edici\u00f3n de este a\u00f1o contar\u00e1 con las actuaciones de A.F. Farall\u00f3n de T\u00e1bata, Parranda At\u00e9jale y Nos Vamos y Parranda El Molinillo, que pondr\u00e1n m\u00fasica y folclore a una noche dedicada a la canariedad.<\/p>\n\n\n\n<p class=\"wp-block-paragraph\">La celebraci\u00f3n tendr\u00e1 adem\u00e1s un momento especial con el reconocimiento a la familia Flores Reyes, incorporando as\u00ed un homenaje a una familia vinculada a la vida y a la historia de Barrial.<\/p>\n\n\n\n<p class=\"wp-block-paragraph\">Desde la Asociaci\u00f3n de Vecinos Amagro se anima a participar en esta celebraci\u00f3n vistiendo la ropa tradicional y t\u00edpica de Canarias, como parte de una noche que pretende mantener vivo el esp\u00edritu con el que naci\u00f3 la Fiesta Canaria hace m\u00e1s de veinte a\u00f1os.<\/p>\n\n\n\n<p class=\"wp-block-paragraph\">Ma\u00f1ana, la Plaza Jos\u00e9 Rodr\u00edguez Quintana volver\u00e1 a convertirse en punto de encuentro para familias, vecinos, vecinas y visitantes, en una noche en la que la m\u00fasica, el folclore, las tradiciones y la convivencia volver\u00e1n a poner de manifiesto la identidad propia de Barrial.<\/p>\n","protected":false},"excerpt":{"rendered":"<p>La cita se celebrar\u00e1 este s\u00e1bado 22 de agosto, a las 21:00 horas, en la Plaza Jos\u00e9 Rodr\u00edguez Quintana, con las actuaciones de Farall\u00f3n de T\u00e1bata, Parranda At\u00e9jale y Nos Vamos y Parranda El Molinillo Barrial ya tiene todo preparado para celebrar ma\u00f1ana, s\u00e1bado 22 de agosto, una nueva edici\u00f3n de su Fiesta Canaria, una [&hellip;]<\/p>\n","protected":false},"author":50,"featured_media":4640,"comment_status":"open","ping_status":"open","sticky":false,"template":"","format":"standard","meta":{"wpai_generated_summary":"","wpai_meta_description":"","footnotes":""},"categories":[153,121],"tags":[],"class_list":["post-4638","post","type-post","status-publish","format-standard","has-post-thumbnail","hentry","category-galdar","category-noticias"],"_links":{"self":[{"href":"https:\/\/nublo.tv\/index.php\/wp-json\/wp\/v2\/posts\/4638","targetHints":{"allow":["GET"]}}],"collection":[{"href":"https:\/\/nublo.tv\/index.php\/wp-json\/wp\/v2\/posts"}],"about":[{"href":"https:\/\/nublo.tv\/index.php\/wp-json\/wp\/v2\/types\/post"}],"author":[{"embeddable":true,"href":"https:\/\/nublo.tv\/index.php\/wp-json\/wp\/v2\/users\/50"}],"replies":[{"embeddable":true,"href":"https:\/\/nublo.tv\/index.php\/wp-json\/wp\/v2\/comments?post=4638"}],"version-history":[{"count":1,"href":"https:\/\/nublo.tv\/index.php\/wp-json\/wp\/v2\/posts\/4638\/revisions"}],"predecessor-version":[{"id":4642,"href":"https:\/\/nublo.tv\/index.php\/wp-json\/wp\/v2\/posts\/4638\/revisions\/4642"}],"wp:featuredmedia":[{"embeddable":true,"href":"https:\/\/nublo.tv\/index.php\/wp-json\/wp\/v2\/media\/4640"}],"wp:attachment":[{"href":"https:\/\/nublo.tv\/index.php\/wp-json\/wp\/v2\/media?parent=4638"}],"wp:term":[{"taxonomy":"category","embeddable":true,"href":"https:\/\/nublo.tv\/index.php\/wp-json\/wp\/v2\/categories?post=4638"},{"taxonomy":"post_tag","embeddable":true,"href":"https:\/\/nublo.tv\/index.php\/wp-json\/wp\/v2\/tags?post=4638"}],"curies":[{"name":"wp","href":"https:\/\/api.w.org\/{rel}","templated":true}]}}