{"id":4643,"date":"2026-08-22T11:15:00","date_gmt":"2026-08-22T10:15:00","guid":{"rendered":"https:\/\/nublo.tv\/?p=4643"},"modified":"2026-08-23T15:56:02","modified_gmt":"2026-08-23T14:56:02","slug":"barrial-elegira-a-sus-reinas-y-rey-de-las-fiestas-2026-uno-de-los-momentos-mas-esperados","status":"publish","type":"post","link":"https:\/\/nublo.tv\/index.php\/2026\/08\/22\/barrial-elegira-a-sus-reinas-y-rey-de-las-fiestas-2026-uno-de-los-momentos-mas-esperados\/","title":{"rendered":"Barrial elegir\u00e1 a sus Reinas y Rey de las Fiestas 2026, uno de los momentos m\u00e1s esperados."},"content":{"rendered":"\r\n<p class=\"wp-block-paragraph\"><em>La gala reunir\u00e1 a cuatro candidatas a Reina Adulta, siete candidatas a Reina Infantil y cuatro candidatos a Rey, con las actuaciones de Drazel, el transformista Ayose D\u00edaz, La Banda del Patio y Aridia Ramos<\/em><\/p>\r\n\r\n\r\n\r\n<p class=\"wp-block-paragraph\">Las Fiestas en honor a Nuestra Se\u00f1ora de los Desamparados de Barrial 2026 se preparan para vivir una de sus grandes noches con la Gala de Elecci\u00f3n de las Reinas y el Rey de las Fiestas, uno de los actos m\u00e1s esperados del programa y que cada a\u00f1o consigue congregar a una gran cantidad de personas. Por su capacidad de convocatoria y la expectaci\u00f3n que despierta, se ha convertido, sin lugar a dudas, en uno de los actos m\u00e1s medi\u00e1ticos de las fiestas de Barrial.<\/p>\r\n\r\n\r\n\r\n<p class=\"wp-block-paragraph\">En esta edici\u00f3n ser\u00e1n cuatro las candidatas a Reina Adulta, siete las candidatas a Reina Infantil y cuatro los candidatos a Rey, que protagonizar\u00e1n una gala en la que se pondr\u00e1n en juego los t\u00edtulos que representar\u00e1n a las fiestas durante este a\u00f1o.<\/p>\r\n\r\n\r\n\r\n<p class=\"wp-block-paragraph\">La velada estar\u00e1 presentada por Andrea Garc\u00eda Felitas y Luc\u00eda Gonz\u00e1lez Salgado y contar\u00e1 con las actuaciones de Drazel, el transformista Ayose D\u00edaz, La Banda del Patio y Aridia Ramos, completando una propuesta que combina la elecci\u00f3n con diferentes momentos de espect\u00e1culo.<\/p>\r\n\r\n\r\n\r\n<p class=\"wp-block-paragraph\">El presidente de la Asociaci\u00f3n de Vecinos Amagro, Pepe Garc\u00eda, destaca la dimensi\u00f3n que ha adquirido esta cita dentro de las fiestas. \u201cEs uno de los actos que m\u00e1s expectaci\u00f3n genera y que cada a\u00f1o consigue reunir a much\u00edsimas personas. Es una noche muy especial para las familias y, especialmente, para quienes participan en la elecci\u00f3n\u201d.<\/p>\r\n\r\n\r\n\r\n<p class=\"wp-block-paragraph\">Garc\u00eda quiere poner tambi\u00e9n el foco en el trabajo que no siempre queda a la vista del p\u00fablico y que resulta fundamental para que la gala pueda desarrollarse. \u201cNo podemos olvidarnos de las personas designadas por la comisi\u00f3n de fiestas que trabajan durante semanas preparando la gala y llevando los ensayos con los candidatos. Hay muchas horas detr\u00e1s para que cuando llegue el momento todo salga a pedir de boca\u201d.<\/p>\r\n\r\n\r\n\r\n<p class=\"wp-block-paragraph\">El presidente destaca que este trabajo previo permite que los participantes afronten la noche con mayor seguridad y que la gala alcance el nivel de preparaci\u00f3n que requiere un acto de estas caracter\u00edsticas. \u201cHay personas que dedican muchas horas, con mucha responsabilidad y cari\u00f1o, para que todo est\u00e9 preparado. Ese trabajo tambi\u00e9n forma parte de la fiesta y merece ser reconocido\u201d<\/p>\r\n\r\n\r\n\r\n<p class=\"wp-block-paragraph\">La elecci\u00f3n de las Reinas y el Rey se ha consolidado como una de las grandes citas del calendario festivo de Barrial, no solo por el n\u00famero de personas que acuden cada a\u00f1o, sino tambi\u00e9n por la implicaci\u00f3n de las familias y la expectaci\u00f3n que genera conocer qui\u00e9nes recibir\u00e1n los diferentes t\u00edtulos.<\/p>\r\n\r\n\r\n\r\n<p class=\"wp-block-paragraph\">La gala permitir\u00e1 conocer a los nuevos representantes de Reina Adulta, Reina Infantil y Rey de las Fiestas 2026, en una noche en la que la participaci\u00f3n de las nuevas generaciones volver\u00e1 a ocupar un lugar protagonista.<\/p>\r\n","protected":false},"excerpt":{"rendered":"<p>La gala reunir\u00e1 a cuatro candidatas a Reina Adulta, siete candidatas a Reina Infantil y cuatro candidatos a Rey, con las actuaciones de Drazel, el transformista Ayose D\u00edaz, La Banda del Patio y Aridia Ramos Las Fiestas en honor a Nuestra Se\u00f1ora de los Desamparados de Barrial 2026 se preparan para vivir una de sus [&hellip;]<\/p>\n","protected":false},"author":50,"featured_media":4645,"comment_status":"open","ping_status":"open","sticky":false,"template":"","format":"standard","meta":{"wpai_generated_summary":"","wpai_meta_description":"","footnotes":""},"categories":[153],"tags":[],"class_list":["post-4643","post","type-post","status-publish","format-standard","has-post-thumbnail","hentry","category-galdar"],"_links":{"self":[{"href":"https:\/\/nublo.tv\/index.php\/wp-json\/wp\/v2\/posts\/4643","targetHints":{"allow":["GET"]}}],"collection":[{"href":"https:\/\/nublo.tv\/index.php\/wp-json\/wp\/v2\/posts"}],"about":[{"href":"https:\/\/nublo.tv\/index.php\/wp-json\/wp\/v2\/types\/post"}],"author":[{"embeddable":true,"href":"https:\/\/nublo.tv\/index.php\/wp-json\/wp\/v2\/users\/50"}],"replies":[{"embeddable":true,"href":"https:\/\/nublo.tv\/index.php\/wp-json\/wp\/v2\/comments?post=4643"}],"version-history":[{"count":1,"href":"https:\/\/nublo.tv\/index.php\/wp-json\/wp\/v2\/posts\/4643\/revisions"}],"predecessor-version":[{"id":4646,"href":"https:\/\/nublo.tv\/index.php\/wp-json\/wp\/v2\/posts\/4643\/revisions\/4646"}],"wp:featuredmedia":[{"embeddable":true,"href":"https:\/\/nublo.tv\/index.php\/wp-json\/wp\/v2\/media\/4645"}],"wp:attachment":[{"href":"https:\/\/nublo.tv\/index.php\/wp-json\/wp\/v2\/media?parent=4643"}],"wp:term":[{"taxonomy":"category","embeddable":true,"href":"https:\/\/nublo.tv\/index.php\/wp-json\/wp\/v2\/categories?post=4643"},{"taxonomy":"post_tag","embeddable":true,"href":"https:\/\/nublo.tv\/index.php\/wp-json\/wp\/v2\/tags?post=4643"}],"curies":[{"name":"wp","href":"https:\/\/api.w.org\/{rel}","templated":true}]}}