{"id":4655,"date":"2026-08-18T09:50:10","date_gmt":"2026-08-18T08:50:10","guid":{"rendered":"https:\/\/nublo.tv\/?p=4655"},"modified":"2026-08-27T12:35:28","modified_gmt":"2026-08-27T11:35:28","slug":"el-alcalde-de-guia-reafirma-su-respeto-a-la-virgen-y-aclara-que-su-gesto-durante-la-traca-de-voladores-expresaba-su-desacuerdo-con-la-decision-de-la-iglesia","status":"publish","type":"post","link":"https:\/\/nublo.tv\/index.php\/2026\/08\/18\/el-alcalde-de-guia-reafirma-su-respeto-a-la-virgen-y-aclara-que-su-gesto-durante-la-traca-de-voladores-expresaba-su-desacuerdo-con-la-decision-de-la-iglesia\/","title":{"rendered":"El alcalde de Gu\u00eda reafirma su respeto a la Virgen y aclara que su gesto durante la traca de voladores expresaba su desacuerdo con la decisi\u00f3n de la Iglesia"},"content":{"rendered":"<ul>\n<li><strong>Alfredo Gon\u00e7alves aclara que su actitud no estaba dirigida en absoluto a la Patrona sino que expresaba su desacuerdo con la decisi\u00f3n de la Iglesia de mantener esta parte del acto pese al contundente argumento esgrimido por el Ayuntamiento de<\/strong> <strong>evitar una pirotecnia sonora que causa sufrimiento a personas vulnerables y animales<\/strong><\/li>\n<\/ul>\n<p><strong>Gu\u00eda, 18 de agosto de 2026.-<\/strong> El alcalde de Gu\u00eda, Alfredo Gon\u00e7alves, ha querido aclarar el significado del gesto realizado durante la llegada de la Virgen a la Iglesia Matriz el pasado domingo, cuando permaneci\u00f3 de espaldas durante la tradicional traca de voladores. El regidor ha subrayado que su actitud no estuvo dirigida en ning\u00fan momento hacia la Patrona de Gu\u00eda, sino que expresaba su desacuerdo con la decisi\u00f3n de la Iglesia de mantener esta parte del acto pese al contundente argumento esgrimido por el consistorio.<\/p>\n<p>\u00abSiento un profundo respeto por nuestra Virgen y por todo lo que representa, a pesar de no ser creyente\u00bb, ha se\u00f1alado el alcalde, al tiempo que ha a\u00f1adido que no entendi\u00f3 la falta de apoyo cuando \u00ablo \u00fanico que pretendemos es anteponer el bienestar de las personas, especialmente de las m\u00e1s vulnerables\u00bb, subraya.<\/p>\n<p>Como alternativa a la pirotecnia sonora, el Ayuntamiento de Gu\u00eda apost\u00f3 en esta edici\u00f3n por un espect\u00e1culo de video mapping, una propuesta que fue muy bien acogida por la ciudadan\u00eda, no s\u00f3lo por su espectacularidad, sino por la sensibilidad mostrada hacia las personas y los animales que sufren especialmente con este tipo de estruendos.<\/p>\n<p>El primer edil defiende que las tradiciones deben evolucionar y adaptarse cuando determinadas pr\u00e1cticas generan consecuencias negativas para una parte de la poblaci\u00f3n: \u00abConsidero que la llegada de la Virgen no exige una traca de voladores si esta causa sufrimiento a personas y animales, pero est\u00e1 claro que cada cual obra seg\u00fan su conciencia\u00bb.<\/p>\n<p>Gon\u00e7alves insiste as\u00ed en diferenciar su respeto hacia la Virgen y hacia quienes viven las fiestas desde la fe de su discrepancia con la utilizaci\u00f3n de pirotecnia sonora, subrayando que el objetivo es avanzar hacia unas celebraciones capaces de conciliar la tradici\u00f3n con una mayor sensibilidad hacia quienes padecen especialmente los efectos del ruido.<\/p>\n","protected":false},"excerpt":{"rendered":"<p>Alfredo Gon\u00e7alves aclara que su actitud no estaba dirigida en absoluto a la Patrona sino que expresaba su desacuerdo con la decisi\u00f3n de la Iglesia de mantener esta parte del&hellip;<\/p>\n","protected":false},"author":1,"featured_media":4658,"comment_status":"open","ping_status":"open","sticky":false,"template":"","format":"standard","meta":{"wpai_generated_summary":"","wpai_meta_description":"","footnotes":""},"categories":[138],"tags":[],"class_list":["post-4655","post","type-post","status-publish","format-standard","has-post-thumbnail","hentry","category-ayuntamiento-de-santa-maria-de-guia"],"_links":{"self":[{"href":"https:\/\/nublo.tv\/index.php\/wp-json\/wp\/v2\/posts\/4655","targetHints":{"allow":["GET"]}}],"collection":[{"href":"https:\/\/nublo.tv\/index.php\/wp-json\/wp\/v2\/posts"}],"about":[{"href":"https:\/\/nublo.tv\/index.php\/wp-json\/wp\/v2\/types\/post"}],"author":[{"embeddable":true,"href":"https:\/\/nublo.tv\/index.php\/wp-json\/wp\/v2\/users\/1"}],"replies":[{"embeddable":true,"href":"https:\/\/nublo.tv\/index.php\/wp-json\/wp\/v2\/comments?post=4655"}],"version-history":[{"count":1,"href":"https:\/\/nublo.tv\/index.php\/wp-json\/wp\/v2\/posts\/4655\/revisions"}],"predecessor-version":[{"id":4657,"href":"https:\/\/nublo.tv\/index.php\/wp-json\/wp\/v2\/posts\/4655\/revisions\/4657"}],"wp:featuredmedia":[{"embeddable":true,"href":"https:\/\/nublo.tv\/index.php\/wp-json\/wp\/v2\/media\/4658"}],"wp:attachment":[{"href":"https:\/\/nublo.tv\/index.php\/wp-json\/wp\/v2\/media?parent=4655"}],"wp:term":[{"taxonomy":"category","embeddable":true,"href":"https:\/\/nublo.tv\/index.php\/wp-json\/wp\/v2\/categories?post=4655"},{"taxonomy":"post_tag","embeddable":true,"href":"https:\/\/nublo.tv\/index.php\/wp-json\/wp\/v2\/tags?post=4655"}],"curies":[{"name":"wp","href":"https:\/\/api.w.org\/{rel}","templated":true}]}}