{"id":4665,"date":"2026-08-18T12:12:31","date_gmt":"2026-08-18T11:12:31","guid":{"rendered":"https:\/\/nublo.tv\/?p=4665"},"modified":"2026-08-27T12:35:28","modified_gmt":"2026-08-27T11:35:28","slug":"lucas-maniema-jugara-cedido-en-el-mega-bemax","status":"publish","type":"post","link":"https:\/\/nublo.tv\/index.php\/2026\/08\/18\/lucas-maniema-jugara-cedido-en-el-mega-bemax\/","title":{"rendered":"Lucas Maniema jugar\u00e1 cedido en el Mega Bemax"},"content":{"rendered":"<h3 class=\"wp-block-heading\">El jugador suizo militar\u00e1 en el conjunto serbio esta pr\u00f3xima temporada.<\/h3>\n<p class=\"wp-block-paragraph\">Lucas Maniema (Suiza, 2006) jugar\u00e1 esta pr\u00f3xima temporada en el Mega Bemax serbio en calidad de cedido.<\/p>\n<p class=\"wp-block-paragraph\">El escolta suizo lleg\u00f3 a la isla de la mano del Canterbury School antes de pasar a militar en el conjunto amarillo en el verano de 2024, si bien con anterioridad ya hab\u00eda sido invitado por el equipo j\u00fanior claretiano para disputar el Next Gen Euroleague Tournament. <\/p>\n<p class=\"wp-block-paragraph\">Este pasado curso estuvo a caballo entre el primer equipo, jugando BCL y Liga Endesa, y el filial amarillo, siendo una pieza importante en Liga U.<\/p>\n","protected":false},"excerpt":{"rendered":"<p>El jugador suizo militar\u00e1 en el conjunto serbio esta pr\u00f3xima temporada. Lucas Maniema (Suiza, 2006) jugar\u00e1 esta pr\u00f3xima temporada en el Mega Bemax serbio en calidad de cedido. El escolta&hellip;<\/p>\n","protected":false},"author":1,"featured_media":4666,"comment_status":"open","ping_status":"open","sticky":false,"template":"","format":"standard","meta":{"wpai_generated_summary":"","wpai_meta_description":"","footnotes":""},"categories":[122],"tags":[],"class_list":["post-4665","post","type-post","status-publish","format-standard","has-post-thumbnail","hentry","category-deportes"],"_links":{"self":[{"href":"https:\/\/nublo.tv\/index.php\/wp-json\/wp\/v2\/posts\/4665","targetHints":{"allow":["GET"]}}],"collection":[{"href":"https:\/\/nublo.tv\/index.php\/wp-json\/wp\/v2\/posts"}],"about":[{"href":"https:\/\/nublo.tv\/index.php\/wp-json\/wp\/v2\/types\/post"}],"author":[{"embeddable":true,"href":"https:\/\/nublo.tv\/index.php\/wp-json\/wp\/v2\/users\/1"}],"replies":[{"embeddable":true,"href":"https:\/\/nublo.tv\/index.php\/wp-json\/wp\/v2\/comments?post=4665"}],"version-history":[{"count":1,"href":"https:\/\/nublo.tv\/index.php\/wp-json\/wp\/v2\/posts\/4665\/revisions"}],"predecessor-version":[{"id":4667,"href":"https:\/\/nublo.tv\/index.php\/wp-json\/wp\/v2\/posts\/4665\/revisions\/4667"}],"wp:featuredmedia":[{"embeddable":true,"href":"https:\/\/nublo.tv\/index.php\/wp-json\/wp\/v2\/media\/4666"}],"wp:attachment":[{"href":"https:\/\/nublo.tv\/index.php\/wp-json\/wp\/v2\/media?parent=4665"}],"wp:term":[{"taxonomy":"category","embeddable":true,"href":"https:\/\/nublo.tv\/index.php\/wp-json\/wp\/v2\/categories?post=4665"},{"taxonomy":"post_tag","embeddable":true,"href":"https:\/\/nublo.tv\/index.php\/wp-json\/wp\/v2\/tags?post=4665"}],"curies":[{"name":"wp","href":"https:\/\/api.w.org\/{rel}","templated":true}]}}