{"id":4671,"date":"2026-08-18T14:05:51","date_gmt":"2026-08-18T13:05:51","guid":{"rendered":"https:\/\/nublo.tv\/?p=4671"},"modified":"2026-08-27T12:35:28","modified_gmt":"2026-08-27T11:35:28","slug":"las-fiestas-de-san-roque-ofrecen-esta-semana-el-xxvi-encuentro-de-solistas-sebastian-godoy-chanito-pasacalles-de-papaguevos-y-cierra-con-un-gran-espectaculo-de-transformistas-y-el-d","status":"publish","type":"post","link":"https:\/\/nublo.tv\/index.php\/2026\/08\/18\/las-fiestas-de-san-roque-ofrecen-esta-semana-el-xxvi-encuentro-de-solistas-sebastian-godoy-chanito-pasacalles-de-papaguevos-y-cierra-con-un-gran-espectaculo-de-transformistas-y-el-d\/","title":{"rendered":"Las fiestas de San Roque ofrecen esta semana el XXVI Encuentro de Solistas Sebasti\u00e1n Godoy \u201cChanito\u201d, Pasacalles de Papag\u00fcevos y cierra con un gran espect\u00e1culo de transformistas y el d\u00fao de acr\u00f3batas Levi y Estrella"},"content":{"rendered":"<ul>\n<li><strong> La Charla de Custodia S\u00e1nchez, Verbena, concierto del grupo <em>El \u00daltimo que cierre<\/em>, Fiesta de la Espuma, Escala En Hi-Fi, Concurso de Karaoke y exposici\u00f3n de coches antiguos forman parte del programa festivo hasta el domingo 23<\/strong><\/li>\n<\/ul>\n<p>Las fiestas del compatrono San Roque contin\u00faan celebr\u00e1ndose a lo largo de toda esta semana, hasta el domingo 23 de agosto, con actos para todos los p\u00fablicos, una programaci\u00f3n que arranca este mi\u00e9rcoles con una gran Fiesta de la Espuma,\u00a0 a partir de las 17:00 horas, y continuar\u00e1 el jueves con la tradicional Escala en Hi-Fi con la participaci\u00f3n de un nutrido grupo de vecinos del barrio.<\/p>\n<p>Los actos festivos del fin de semana arrancar\u00e1n el viernes, en la Ermita, a las 19:00 horas, con la Charla\u00a0 de San Roque a cargo de Custodia S\u00e1nchez, elegida este a\u00f1o como homenaje para reconocer su trayectoria personal, estrechamente vinculada al barrio, \u00a0y por su colaboraci\u00f3n desinteresada en todas aquellas actividades e iniciativas que en \u00e9l se realizan y se celebran para mejorar la vida de sus vecinos.<\/p>\n<p>La velada festiva continuar\u00e1 a partir de las 21:00 horas con el <em>XXVI Encuentro de Solistas Sebasti\u00e1n Godoy \u201cChanito\u201d,<\/em> una nueva edici\u00f3n que contar\u00e1 este a\u00f1o con Dani Moreno, J\u00e9sica Hern\u00e1ndez y Jadiel C\u00e1ceres, nuevas voces que vienen pisando fuerte en el panorama regional y que estar\u00e1n acompa\u00f1ados por el cuerpo de m\u00fasica de la A.C. R. Estrella y Gu\u00eda, anfitriona y organizadora de este festival en colaboraci\u00f3n con el Ayuntamiento.<\/p>\n<p>A su t\u00e9rmino, la m\u00fasica continuar\u00e1 en San Roque pero con un estilo totalmente diferente, primero con un Concurso de Karaoke seguido del concierto del grupo\u00a0 <em>El \u00daltimo que cierre, <\/em>para disfrutar con las mejores versiones de pop-rock de los a\u00f1os 80 y 90.<\/p>\n<p><strong>\u00daltimo Pasacalles de Papag\u00fcevos<\/strong><\/p>\n<p>Y ya el s\u00e1bado 22 la tarde festiva comenzar\u00e1 desde las 17:00 horas, con nuevas actividades para el p\u00fablico infantil, hinchables y talleres, hasta las 19:00 horas que ser\u00e1 el momento en que dar\u00e1 comienzo el \u00faltimo Pasacalles de Papag\u00fcevos de las fiestas patronales de agosto, con el tradicional\u00a0 recorrido que partir\u00e1 desde la Ermita hasta el hospital de San Roque para regresar por las mismas calles y terminar por todo lo alto junto a la Ermita de San Roque, en una gran tarde de m\u00fasica y alegr\u00eda para peque\u00f1os y grandes.<\/p>\n<p>La noche de fiesta en San Roque continuar\u00e1 este d\u00eda con una gran verbena, a las 22:00 horas, amenizada por Havana 500, Una M\u00e1s y DJ Jon\u00e1s C\u00e1ceres y Antonio Boada.<\/p>\n<p><strong>Espect\u00e1culo de transformistas y acr\u00f3batas<\/strong><\/p>\n<p>Al d\u00eda siguiente, el domingo 23, la jornada festiva arrancar\u00e1 a las 10:00 horas con la exposici\u00f3n de coches antiguos en la plaza.<\/p>\n<p>El broche de estas fiestas se celebrar\u00e1 en la tarde-noche de este domingo, en la Plaza de San Roque, a partir de las \u00a020:00 horas, con un gran Desfile de Variedades que contar\u00e1 con la actuaci\u00f3n del humorista Alexis Santo, el espect\u00e1culo de las transformistas <em>Miss Claudia, Kany la patrona <\/em>y<em> Malena Sevilla<\/em> y la actuaci\u00f3n final del d\u00fao de acr\u00f3batas Levi y Estrella, finalistas del concurso televisivo Got Talent.<\/p>\n<p><strong>Festividad de la Madrina <\/strong><\/p>\n<p>Tambi\u00e9n este domingo 23 se celebrar\u00e1 la festividad de La Madrina, en Roque Prieto, en el barrio de La Atalaya.\u00a0 A las 12:00 horas ser\u00e1 la elecci\u00f3n de la madrina y a las 13:00 horas tendr\u00e1 lugar la celebraci\u00f3n de la Eucarist\u00eda y posterior recorrido procesional de la Virgen del Carmen.<\/p>\n<p>A su t\u00e9rmino, sobre las 14.30 horas, se celebrar\u00e1 la tradicional comida de fraternidad con una paella marinera y poco despu\u00e9s dar\u00e1 comienzo la verbena de la espuma amenizada por Son Karibe.<\/p>\n","protected":false},"excerpt":{"rendered":"<p>La Charla de Custodia S\u00e1nchez, Verbena, concierto del grupo El \u00daltimo que cierre, Fiesta de la Espuma, Escala En Hi-Fi, Concurso de Karaoke y exposici\u00f3n de coches antiguos forman parte&hellip;<\/p>\n","protected":false},"author":1,"featured_media":4684,"comment_status":"open","ping_status":"open","sticky":false,"template":"","format":"standard","meta":{"wpai_generated_summary":"","wpai_meta_description":"","footnotes":""},"categories":[138],"tags":[],"class_list":["post-4671","post","type-post","status-publish","format-standard","has-post-thumbnail","hentry","category-ayuntamiento-de-santa-maria-de-guia"],"_links":{"self":[{"href":"https:\/\/nublo.tv\/index.php\/wp-json\/wp\/v2\/posts\/4671","targetHints":{"allow":["GET"]}}],"collection":[{"href":"https:\/\/nublo.tv\/index.php\/wp-json\/wp\/v2\/posts"}],"about":[{"href":"https:\/\/nublo.tv\/index.php\/wp-json\/wp\/v2\/types\/post"}],"author":[{"embeddable":true,"href":"https:\/\/nublo.tv\/index.php\/wp-json\/wp\/v2\/users\/1"}],"replies":[{"embeddable":true,"href":"https:\/\/nublo.tv\/index.php\/wp-json\/wp\/v2\/comments?post=4671"}],"version-history":[{"count":1,"href":"https:\/\/nublo.tv\/index.php\/wp-json\/wp\/v2\/posts\/4671\/revisions"}],"predecessor-version":[{"id":4683,"href":"https:\/\/nublo.tv\/index.php\/wp-json\/wp\/v2\/posts\/4671\/revisions\/4683"}],"wp:featuredmedia":[{"embeddable":true,"href":"https:\/\/nublo.tv\/index.php\/wp-json\/wp\/v2\/media\/4684"}],"wp:attachment":[{"href":"https:\/\/nublo.tv\/index.php\/wp-json\/wp\/v2\/media?parent=4671"}],"wp:term":[{"taxonomy":"category","embeddable":true,"href":"https:\/\/nublo.tv\/index.php\/wp-json\/wp\/v2\/categories?post=4671"},{"taxonomy":"post_tag","embeddable":true,"href":"https:\/\/nublo.tv\/index.php\/wp-json\/wp\/v2\/tags?post=4671"}],"curies":[{"name":"wp","href":"https:\/\/api.w.org\/{rel}","templated":true}]}}