{"id":4673,"date":"2026-08-18T14:05:46","date_gmt":"2026-08-18T13:05:46","guid":{"rendered":"https:\/\/nublo.tv\/?p=4673"},"modified":"2026-08-29T08:57:49","modified_gmt":"2026-08-29T07:57:49","slug":"la-aldea-de-san-nicolas-apuesta-por-la-conciliacion-laboral-y-familiar-en-verano-a-traves-del-plan-corresponsables","status":"publish","type":"post","link":"https:\/\/nublo.tv\/index.php\/2026\/08\/18\/la-aldea-de-san-nicolas-apuesta-por-la-conciliacion-laboral-y-familiar-en-verano-a-traves-del-plan-corresponsables\/","title":{"rendered":"La Aldea de San Nicol\u00e1s apuesta por la conciliaci\u00f3n laboral y familiar en verano a trav\u00e9s del Plan Corresponsables"},"content":{"rendered":"<p><span style=\"font-weight: 400\">El Ayuntamiento de La Aldea de San Nicol\u00e1s, a trav\u00e9s de la Concejal\u00eda de Pol\u00edtica Social y del Mayor que dirige Jennifer Sosa Mart\u00edn, abre el plazo de inscripci\u00f3n para el Campus de Verano 2026, una iniciativa que se desarrolla en el marco de las actuaciones previstas para este a\u00f1o dentro del Plan Corresponsables y que tiene como principal objetivo favorecer la conciliaci\u00f3n de la vida familiar y laboral de las familias del municipio.<\/span><\/p>\n<p><span style=\"font-weight: 400\">El campus, con plazas limitadas, est\u00e1 dirigido a ni\u00f1os y ni\u00f1as empadronados en La Aldea de San Nicol\u00e1s con edades comprendidas entre los 3 y los 12 a\u00f1os y ofrecer\u00e1 una programaci\u00f3n de car\u00e1cter l\u00fadico, educativo y deportivo entre el 24 de agosto y el 7 de septiembre. Entre las actividades previstas se incluyen propuestas deportivas, talleres de m\u00fasica, juegos y din\u00e1micas grupales, actividades de movimiento y expresi\u00f3n emocional, sesiones de piscina y diferentes salidas recreativas fuera del municipio.<\/span><\/p>\n<p><span style=\"font-weight: 400\">El periodo de inscripci\u00f3n permanecer\u00e1 abierto del 18 de agosto hasta agotar plazas. Las familias interesadas en participar podr\u00e1n inscribirse de manera presencial en el Registro del Ayuntamiento, a trav\u00e9s del formulario disponible en este espacio, o telem\u00e1tica rellen\u00e1ndolo en el siguiente enlace: <\/span><a href=\"https:\/\/forms.gle\/e7fcfgpLnTD67pHt8\"><span style=\"font-weight: 400\">https:\/\/forms.gle\/e7fcfgpLnTD67pHt8<\/span><\/a><span style=\"font-weight: 400\">. Asimismo pueden obtener m\u00e1s informaci\u00f3n a trav\u00e9s del Ayuntamiento de La Aldea de San Nicol\u00e1s o contactar con la organizaci\u00f3n mediante el correo electr\u00f3nico corresponsableslaaldea@gmail.com<\/span><\/p>\n<p><span style=\"font-weight: 400\">\u201cCon la puesta en marcha de este Campus de Verano queremos ofrecer a las familias de nuestro municipio una alternativa que facilite la conciliaci\u00f3n durante este periodo y que, al mismo tiempo, proporcione a los ni\u00f1os y ni\u00f1as un espacio de convivencia, aprendizaje y diversi\u00f3n\u201d, ha se\u00f1alado la concejala de Pol\u00edtica Social y del Mayor, Jennifer Sosa Mart\u00edn.<\/span><\/p>\n<p><span style=\"font-weight: 400\">En este sentido, la concejala ha destacado que \u201chemos dise\u00f1ado una programaci\u00f3n variada en la que el deporte, la cultura, el juego y las actividades de ocio se combinan para que los m\u00e1s peque\u00f1os puedan disfrutar de estas semanas en un entorno seguro, saludable y adaptado a sus necesidades\u201d.<\/span><\/p>\n<p><span style=\"font-weight: 400\">Desde el Ayuntamiento de La Aldea de San Nicol\u00e1s continuamos as\u00ed impulsando medidas dirigidas a favorecer la conciliaci\u00f3n y el bienestar de las familias, mediante actividades gratuitas y accesibles que permitan compatibilizar las responsabilidades familiares y laborales y, paralelamente, ofrecer a los ni\u00f1os y ni\u00f1as alternativas de ocio educativo durante el periodo estival.<\/span><\/p>\n<p>es\u00bb>La Aldea<\/a>.<\/p>\n","protected":false},"excerpt":{"rendered":"<p>El Ayuntamiento de La Aldea de San Nicol\u00e1s, a trav\u00e9s de la Concejal\u00eda de Pol\u00edtica Social y del Mayor que dirige Jennifer Sosa Mart\u00edn, abre el plazo de inscripci\u00f3n para&hellip;<\/p>\n","protected":false},"author":1,"featured_media":4682,"comment_status":"open","ping_status":"open","sticky":false,"template":"","format":"standard","meta":{"wpai_generated_summary":"","wpai_meta_description":"","footnotes":""},"categories":[131],"tags":[],"class_list":["post-4673","post","type-post","status-publish","format-standard","has-post-thumbnail","hentry","category-ayuntamiento-de-la-aldea-de-san-nicolas"],"_links":{"self":[{"href":"https:\/\/nublo.tv\/index.php\/wp-json\/wp\/v2\/posts\/4673","targetHints":{"allow":["GET"]}}],"collection":[{"href":"https:\/\/nublo.tv\/index.php\/wp-json\/wp\/v2\/posts"}],"about":[{"href":"https:\/\/nublo.tv\/index.php\/wp-json\/wp\/v2\/types\/post"}],"author":[{"embeddable":true,"href":"https:\/\/nublo.tv\/index.php\/wp-json\/wp\/v2\/users\/1"}],"replies":[{"embeddable":true,"href":"https:\/\/nublo.tv\/index.php\/wp-json\/wp\/v2\/comments?post=4673"}],"version-history":[{"count":2,"href":"https:\/\/nublo.tv\/index.php\/wp-json\/wp\/v2\/posts\/4673\/revisions"}],"predecessor-version":[{"id":18125,"href":"https:\/\/nublo.tv\/index.php\/wp-json\/wp\/v2\/posts\/4673\/revisions\/18125"}],"wp:featuredmedia":[{"embeddable":true,"href":"https:\/\/nublo.tv\/index.php\/wp-json\/wp\/v2\/media\/4682"}],"wp:attachment":[{"href":"https:\/\/nublo.tv\/index.php\/wp-json\/wp\/v2\/media?parent=4673"}],"wp:term":[{"taxonomy":"category","embeddable":true,"href":"https:\/\/nublo.tv\/index.php\/wp-json\/wp\/v2\/categories?post=4673"},{"taxonomy":"post_tag","embeddable":true,"href":"https:\/\/nublo.tv\/index.php\/wp-json\/wp\/v2\/tags?post=4673"}],"curies":[{"name":"wp","href":"https:\/\/api.w.org\/{rel}","templated":true}]}}