{"id":4691,"date":"2026-08-18T16:05:21","date_gmt":"2026-08-18T15:05:21","guid":{"rendered":"https:\/\/nublo.tv\/?p=4691"},"modified":"2026-08-27T12:35:28","modified_gmt":"2026-08-27T11:35:28","slug":"el-ayuntamiento-retira-14-000-kilos-de-residuos-durante-el-dispositivo-especial-de-las-fiestas-de-san-lorenzo","status":"publish","type":"post","link":"https:\/\/nublo.tv\/index.php\/2026\/08\/18\/el-ayuntamiento-retira-14-000-kilos-de-residuos-durante-el-dispositivo-especial-de-las-fiestas-de-san-lorenzo\/","title":{"rendered":"El Ayuntamiento retira 14.000 kilos de residuos durante el dispositivo especial de las Fiestas de San Lorenzo"},"content":{"rendered":"<div class=\"image col-sm-6 pull-right\">\n<div class=\"saga-imagen \">\n\t\t<a href=\"\/export\/sites\/laspalmasgc\/.galleries\/imagenes-noticias-2026\/Operarios-trabajando-en-San-Lorenzo-20260818.png\" title=\"El Ayuntamiento retira 14.000 kilos de residuos durante el dispositivo especial de las Fiestas de San Lorenzo\" class=\"wrapper-image zoom-filter \"><br \/>\n\t\t\t\t\t<span class=\"sr-only\">Ampliar imagen<\/span><\/p>\n<div class=\"overlay-zoom\">\n\t\t\t\t\t\t<img loading=\"lazy\" decoding=\"async\" class=\"img-responsive\" src=\"\/export\/sites\/laspalmasgc\/.galleries\/imagenes-noticias-2026\/Operarios-trabajando-en-San-Lorenzo-20260818.png_1065907003.png\" width=\"900\" height=\"675\" alt=\"El Ayuntamiento retira 14.000 kilos de residuos durante el dispositivo especial de las Fiestas de San Lorenzo\"><\/p>\n<div class=\"zoom-icon\">\n\t                    \t<span class=\"fa fa-search-plus\" aria-hidden=\"true\"><\/span>\n\t                    <\/div>\n<\/p><\/div>\n<p>\t\t\t\t<\/a>\n\t\t\t<\/div>\n<\/p><\/div>\n<div class=\"container-fluid\">\n<p>El operativo ha contado con 67 trabajadores y 28 veh\u00edculos para desarrollar labores de limpieza antes, durante y despu\u00e9s de las celebraciones<\/p>\n<p>El Servicio Municipal de Limpieza ha empleado 360.000 litros de agua en las actuaciones desarrolladas durante el dispositivo<\/p>\n<p>Las Palmas de Gran Canaria, 18 de agosto de 2026. El Ayuntamiento de Las Palmas de Gran Canaria, a trav\u00e9s de la Concejal\u00eda de Higiene Urbana, ha retirado 14.000 kilos de residuos durante el dispositivo especial de limpieza desplegado con motivo de las Fiestas de San Lorenzo 2026, celebradas entre el 31 de julio y el 16 de agosto.<\/p>\n<p>El concejal de Higiene Urbana y Carnaval, H\u00e9ctor Alem\u00e1n, ha destacado que \u201ceste dispositivo especial nos ha permitido reforzar la limpieza durante unas fiestas que congregan a numerosas personas, especialmente en las jornadas de mayor afluencia, y mantener en buenas condiciones los diferentes espacios en los que se ha desarrollado la programaci\u00f3n\u201d.<\/p>\n<p>Alem\u00e1n ha agradecido asimismo \u201cel trabajo de todos los profesionales que han formado parte del operativo, tanto en las actuaciones previas como durante las fiestas y una vez finalizadas, para garantizar la limpieza y el cuidado de San Lorenzo\u201d.<\/p>\n<p>El dispositivo ha contado con un total de 67 trabajadores, de los que 60 pertenecen al Servicio Municipal de Limpieza y siete al Servicio de Parques y Jardines, as\u00ed como con 28 veh\u00edculos. Durante el operativo se han empleado, adem\u00e1s, 360.000 litros de agua y 80 litros de productos desinfectantes en las diferentes actuaciones desarrolladas.<\/p>\n<p>Las actuaciones comenzaron el pasado 1 de julio con las tareas previas de acondicionamiento y han finalizado este martes, 18 de agosto. De esta forma, el dispositivo ha abarcado las semanas anteriores a las fiestas, el desarrollo de la programaci\u00f3n y las jornadas posteriores a su finalizaci\u00f3n.<\/p>\n<p>Antes del inicio de las celebraciones, los equipos municipales realizaron labores de limpieza y desbroce integral de parcelas, terrenos, caminos, calles y aceras, as\u00ed como tareas de limpieza y mantenimiento de contenedores y papeleras. Tambi\u00e9n se llevaron a cabo baldeos con aplicaci\u00f3n de productos desinfectantes y desodorantes, actuaciones de saneamiento en zonas afectadas por malos olores o residuos y riegos para reducir el polvo en suspensi\u00f3n.<\/p>\n<p>Asimismo, se reforzaron los medios destinados a la recogida de residuos mediante la colocaci\u00f3n de contenedores espec\u00edficos para las fiestas y la creaci\u00f3n de islas ecol\u00f3gicas para las fracciones de resto, org\u00e1nica, vidrio, papel y cart\u00f3n y envases ligeros.<\/p>\n<p>Durante las celebraciones, el dispositivo desarroll\u00f3 actuaciones manuales y mecanizadas de limpieza en las zonas afectadas, as\u00ed como baldeos mediante camiones, labores con maquinaria hidrolimpiadora de alto rendimiento y el vaciado de los contenedores de las diferentes fracciones. Estas mismas tareas continuaron una vez finalizada la programaci\u00f3n para acondicionar los espacios utilizados durante las fiestas.<\/p>\n<p>Una vez concluida la programaci\u00f3n festiva, los equipos municipales continuaron con las labores de limpieza manual y mecanizada, baldeo, hidrolimpieza y retirada de residuos para acondicionar los espacios utilizados durante las celebraciones.<\/p>\n<\/div>\n","protected":false},"excerpt":{"rendered":"<p>Ampliar imagen El operativo ha contado con 67 trabajadores y 28 veh\u00edculos para desarrollar labores de limpieza antes, durante y despu\u00e9s de las celebraciones El Servicio Municipal de Limpieza ha&hellip;<\/p>\n","protected":false},"author":1,"featured_media":4696,"comment_status":"open","ping_status":"open","sticky":false,"template":"","format":"standard","meta":{"wpai_generated_summary":"","wpai_meta_description":"","footnotes":""},"categories":[132],"tags":[],"class_list":["post-4691","post","type-post","status-publish","format-standard","has-post-thumbnail","hentry","category-ayuntamiento-de-las-palmas-de-gran-canaria"],"_links":{"self":[{"href":"https:\/\/nublo.tv\/index.php\/wp-json\/wp\/v2\/posts\/4691","targetHints":{"allow":["GET"]}}],"collection":[{"href":"https:\/\/nublo.tv\/index.php\/wp-json\/wp\/v2\/posts"}],"about":[{"href":"https:\/\/nublo.tv\/index.php\/wp-json\/wp\/v2\/types\/post"}],"author":[{"embeddable":true,"href":"https:\/\/nublo.tv\/index.php\/wp-json\/wp\/v2\/users\/1"}],"replies":[{"embeddable":true,"href":"https:\/\/nublo.tv\/index.php\/wp-json\/wp\/v2\/comments?post=4691"}],"version-history":[{"count":1,"href":"https:\/\/nublo.tv\/index.php\/wp-json\/wp\/v2\/posts\/4691\/revisions"}],"predecessor-version":[{"id":4695,"href":"https:\/\/nublo.tv\/index.php\/wp-json\/wp\/v2\/posts\/4691\/revisions\/4695"}],"wp:featuredmedia":[{"embeddable":true,"href":"https:\/\/nublo.tv\/index.php\/wp-json\/wp\/v2\/media\/4696"}],"wp:attachment":[{"href":"https:\/\/nublo.tv\/index.php\/wp-json\/wp\/v2\/media?parent=4691"}],"wp:term":[{"taxonomy":"category","embeddable":true,"href":"https:\/\/nublo.tv\/index.php\/wp-json\/wp\/v2\/categories?post=4691"},{"taxonomy":"post_tag","embeddable":true,"href":"https:\/\/nublo.tv\/index.php\/wp-json\/wp\/v2\/tags?post=4691"}],"curies":[{"name":"wp","href":"https:\/\/api.w.org\/{rel}","templated":true}]}}