{"id":4693,"date":"2026-08-18T16:05:26","date_gmt":"2026-08-18T15:05:26","guid":{"rendered":"https:\/\/nublo.tv\/?p=4693"},"modified":"2026-08-27T12:35:28","modified_gmt":"2026-08-27T11:35:28","slug":"jon-axel-gudmundsson-en-viajes-insular-puedo-aportar-liderazgo","status":"publish","type":"post","link":"https:\/\/nublo.tv\/index.php\/2026\/08\/18\/jon-axel-gudmundsson-en-viajes-insular-puedo-aportar-liderazgo\/","title":{"rendered":"J\u00f3n Axel Gudmundsson, en Viajes Insular: \u00abPuedo aportar liderazgo\u00bb"},"content":{"rendered":"<h3 class=\"wp-block-heading\">El island\u00e9s fue presentado ante los medios en las oficinas de Viajes Insular, y se mostr\u00f3 encantado de volver a jugar para Bruno Savignani.<\/h3>\n<p class=\"wp-block-paragraph\">J\u00f3n Axel Gudmundsson fue presentado este martes en las oficinas de Viajes Insular en La Minilla, en la capital grancanaria. El base island\u00e9s estuvo acompa\u00f1ado por Francesc Solana, director deportivo, y por Ignacio Poladura, director general de Viajes Insular. Fue \u00e9l el encargado de iniciar el acto, con una declaraci\u00f3n en la que aprovech\u00f3 para decir que \u00abel Granca es un cliente muy especial, es nuestro gran referente deportivo, y estamos encantados de trabajar con ellos\u00bb.<\/p>\n<p class=\"wp-block-paragraph\">En este sentido, Solana coment\u00f3 que \u00abViajes Insular es un patrocinador muy activo y muy \u00fatil, con quien estamos en contacto d\u00eda a d\u00eda\u00bb. Metidos en la materia de presentaci\u00f3n del jugador, el directivo amarillo explic\u00f3 que el nombre de Gudmundsson \u00abfue el primero que sali\u00f3 en com\u00fan cuando nos pusimos a hablar con Bruno en verano\u00bb, destacando del island\u00e9s su \u00abcapacidad de liderazgo y conocimiento de la liga\u00bb.<\/p>\n<figure class=\"wp-block-image size-large\"><img loading=\"lazy\" decoding=\"async\" width=\"1024\" height=\"683\" src=\"https:\/\/cbgc.ams3.digitaloceanspaces.com\/2026\/08\/18145454\/X2I0104-1024x683.jpg\" alt=\"\" class=\"wp-image-106187\"><\/figure>\n<p class=\"wp-block-paragraph\">El base se present\u00f3 mostr\u00e1ndose \u00abagradecido de que me hayan tra\u00eddo aqu\u00ed y creo que va a ser un gran a\u00f1o. Solo con los dos primeros entrenamientos, ya he visto que hay una muy buena qu\u00edmica entre los jugadores\u00bb coment\u00f3, a\u00f1adiendo que \u00abes una hermosa isla, es un lugar hermoso\u00a0y es una gran oportunidad para hacer grandes cosas este a\u00f1o\u00bb.<\/p>\n<p class=\"wp-block-paragraph\">Gudmundsson coincidir\u00e1 con viejos conocidos en la isla, como Luke Fischer, Joe Cremo o el entrenador, Bruno Savignani, pero expres\u00f3 que este reencuentro no es una de las principales razones por las que firm\u00f3 por el club, sino \u00abconocer la historia del club y lo que es el club.\u00a0Quiero devolver al club al sitio donde debe estar\u00bb, explic\u00f3.<\/p>\n<p class=\"wp-block-paragraph\">Sobre lo que puede aportar en pista, el island\u00e9s coment\u00f3 que \u00abpuedo aportar liderazgo. Ya he jugado para Bruno antes, en Primera FEB, y s\u00e9 que a Bruno le gusta tener a un base que pueda ser un entrenador en la pista\u00bb, a\u00f1adi\u00f3. \u00abPuedo hablar con los jugadores en el campo\u00a0y, en general, estar tranquilo. Siento que puedo hacer un poco de todo en el campo, soy un anotador, puedo rebotear tambi\u00e9n,\u00a0puedo pasar el bal\u00f3n\u00bb.<\/p>\n<p class=\"wp-block-paragraph\">El jugador n\u00f3rdico, que ascendi\u00f3 en Burgos de Primera FEB a Liga Endesa, explic\u00f3 que \u00ablo m\u00e1s importante es trabajar duro d\u00eda a d\u00eda, y no adelantarse a los acontecimientos. Ir entrenamiento a entrenamiento, partido a partido\u00bb, avisando adem\u00e1s de que \u00abda igual el rival que vayas a tener enfrente,\u00a0da igual que sea el \u00faltimo clasificado de la liga, porque todos los partidos son duros\u00bb.<\/p>\n<p class=\"wp-block-paragraph\">Gudmundsson explic\u00f3 tambi\u00e9n c\u00f3mo se fragu\u00f3 su fichaje. \u00abBruno me envi\u00f3 un mensaje en el verano\u00a0y me dijo \u00abhe fichado por el Gran Canaria, \u00bfquieres venir conmigo?\u00a0Y yo le dije, \u00ab\u00a1Por supuesto!\u00bb, y sobre la marcha empezamos a hablar\u00bb. El island\u00e9s explic\u00f3 que \u00abesta va a ser mi cuarta temporada con Bruno,\u00a0me encanta jugar con \u00e9l.\u00a0Me encanta que sea un entrenador que exige mucho a los jugadores\u00a0y quiere que jueguen duro. Ese es el tipo de jugador que soy\u00bb.<\/p>\n<p class=\"wp-block-paragraph\">\n","protected":false},"excerpt":{"rendered":"<p>El island\u00e9s fue presentado ante los medios en las oficinas de Viajes Insular, y se mostr\u00f3 encantado de volver a jugar para Bruno Savignani. J\u00f3n Axel Gudmundsson fue presentado este&hellip;<\/p>\n","protected":false},"author":1,"featured_media":4698,"comment_status":"open","ping_status":"open","sticky":false,"template":"","format":"standard","meta":{"wpai_generated_summary":"","wpai_meta_description":"","footnotes":""},"categories":[122],"tags":[],"class_list":["post-4693","post","type-post","status-publish","format-standard","has-post-thumbnail","hentry","category-deportes"],"_links":{"self":[{"href":"https:\/\/nublo.tv\/index.php\/wp-json\/wp\/v2\/posts\/4693","targetHints":{"allow":["GET"]}}],"collection":[{"href":"https:\/\/nublo.tv\/index.php\/wp-json\/wp\/v2\/posts"}],"about":[{"href":"https:\/\/nublo.tv\/index.php\/wp-json\/wp\/v2\/types\/post"}],"author":[{"embeddable":true,"href":"https:\/\/nublo.tv\/index.php\/wp-json\/wp\/v2\/users\/1"}],"replies":[{"embeddable":true,"href":"https:\/\/nublo.tv\/index.php\/wp-json\/wp\/v2\/comments?post=4693"}],"version-history":[{"count":1,"href":"https:\/\/nublo.tv\/index.php\/wp-json\/wp\/v2\/posts\/4693\/revisions"}],"predecessor-version":[{"id":4697,"href":"https:\/\/nublo.tv\/index.php\/wp-json\/wp\/v2\/posts\/4693\/revisions\/4697"}],"wp:featuredmedia":[{"embeddable":true,"href":"https:\/\/nublo.tv\/index.php\/wp-json\/wp\/v2\/media\/4698"}],"wp:attachment":[{"href":"https:\/\/nublo.tv\/index.php\/wp-json\/wp\/v2\/media?parent=4693"}],"wp:term":[{"taxonomy":"category","embeddable":true,"href":"https:\/\/nublo.tv\/index.php\/wp-json\/wp\/v2\/categories?post=4693"},{"taxonomy":"post_tag","embeddable":true,"href":"https:\/\/nublo.tv\/index.php\/wp-json\/wp\/v2\/tags?post=4693"}],"curies":[{"name":"wp","href":"https:\/\/api.w.org\/{rel}","templated":true}]}}