{"id":4701,"date":"2026-08-18T16:34:52","date_gmt":"2026-08-18T15:34:52","guid":{"rendered":"https:\/\/nublo.tv\/?p=4701"},"modified":"2026-08-27T12:35:28","modified_gmt":"2026-08-27T11:35:28","slug":"el-ayuntamiento-de-guia-pone-en-funcionamiento-los-aseos-publicos-del-parque-urbano-de-el-bardo","status":"publish","type":"post","link":"https:\/\/nublo.tv\/index.php\/2026\/08\/18\/el-ayuntamiento-de-guia-pone-en-funcionamiento-los-aseos-publicos-del-parque-urbano-de-el-bardo\/","title":{"rendered":"El Ayuntamiento de Gu\u00eda pone en funcionamiento los aseos p\u00fablicos del Parque Urbano de El Bardo"},"content":{"rendered":"<ul>\n<li><strong>Esta actuaci\u00f3n da respuesta a una demanda de los numerosos vecinos que cada d\u00eda utilizan este espacio para practicar deporte, pasear o disfrutar de una de las principales zonas verdes del municipio<\/strong><\/li>\n<\/ul>\n<p><strong>Gu\u00eda, 18 de agosto de 2026.-<\/strong> El Ayuntamiento de Gu\u00eda, a trav\u00e9s de la Concejal\u00eda de Parques y Jardines, ha puesto al servicio de la ciudadan\u00eda los aseos p\u00fablicos del Parque Urbano de El Bardo. Con esta actuaci\u00f3n, el \u00e1rea que dirige Juan Jim\u00e9nez da respuesta a una demanda de los numerosos vecinos que cada d\u00eda utilizan este espacio para practicar deporte, pasear o disfrutar de una de las principales zonas verdes del municipio.<\/p>\n<p>La puesta en funcionamiento de este servicio permitir\u00e1 mejorar la comodidad y la calidad de la estancia de las personas que utilizan diariamente el parque, facilitando el disfrute de un espacio concebido para el ocio, el deporte y la convivencia.<\/p>\n<p>La apertura de estas instalaciones ha sido posible, en gran medida, gracias a la implicaci\u00f3n y al ofrecimiento desinteresado de un usuario habitual del Parque Urbano de El Bardo, que colaborar\u00e1 voluntariamente en las tareas del cierre de los aseos dentro del horario establecido. Este gesto altruista y de compromiso con lo p\u00fablico ha permitido hacer viable la puesta en marcha de este servicio.<\/p>\n<p>Para garantizar el buen funcionamiento de esta instalaci\u00f3n, el Ayuntamiento ha establecido un horario de cierre que permitir\u00e1 compatibilizar su uso con la necesaria conservaci\u00f3n de las instalaciones y contribuir a prevenir posibles actos vand\u00e1licos, especialmente durante la noche.<\/p>\n<p>Desde la Concejal\u00eda de Parques y Jardines se hace un llamamiento al civismo y a la colaboraci\u00f3n de todos los usuarios para cuidar estas instalaciones y hacer un uso responsable de las mismas. La continuidad de este servicio depender\u00e1, en gran medida, del compromiso colectivo por conservar un espacio que es de todos.<\/p>\n<p>Juan Jim\u00e9nez se\u00f1al\u00f3 que se pone a disposici\u00f3n de la ciudadan\u00eda \u201cun servicio necesario en un parque urbano de estas caracter\u00edsticas, que contribuir\u00e1 a mejorar la comodidad y la calidad de la estancia de quienes lo utilizan cada d\u00eda\u201d. Asimismo, quiso agradecer expresamente \u201cla implicaci\u00f3n y la generosidad de este usuario del parque que, de forma completamente desinteresada, se ha ofrecido a colaborar en el cierre de las instalaciones. Su gesto demuestra que, cuando ciudadan\u00eda y Ayuntamiento trabajan de la mano, es posible sacar adelante iniciativas que benefician al conjunto de los vecinos\u201d.<\/p>\n<p>El responsable municipal a\u00f1adi\u00f3 que \u201cla \u00fanica forma de comprobar si este servicio es viable es poni\u00e9ndolo en funcionamiento. Confiamos plenamente en el civismo y en la responsabilidad de los usuarios para que estas instalaciones se mantengan en buen estado y puedan seguir prestando servicio durante muchos a\u00f1os. Si todos colaboramos en su conservaci\u00f3n, este ser\u00e1 un servicio estable y duradero para todos\u201d, subray\u00f3.<\/p>\n","protected":false},"excerpt":{"rendered":"<p>Esta actuaci\u00f3n da respuesta a una demanda de los numerosos vecinos que cada d\u00eda utilizan este espacio para practicar deporte, pasear o disfrutar de una de las principales zonas verdes&hellip;<\/p>\n","protected":false},"author":1,"featured_media":4702,"comment_status":"open","ping_status":"open","sticky":false,"template":"","format":"standard","meta":{"wpai_generated_summary":"","wpai_meta_description":"","footnotes":""},"categories":[138],"tags":[],"class_list":["post-4701","post","type-post","status-publish","format-standard","has-post-thumbnail","hentry","category-ayuntamiento-de-santa-maria-de-guia"],"_links":{"self":[{"href":"https:\/\/nublo.tv\/index.php\/wp-json\/wp\/v2\/posts\/4701","targetHints":{"allow":["GET"]}}],"collection":[{"href":"https:\/\/nublo.tv\/index.php\/wp-json\/wp\/v2\/posts"}],"about":[{"href":"https:\/\/nublo.tv\/index.php\/wp-json\/wp\/v2\/types\/post"}],"author":[{"embeddable":true,"href":"https:\/\/nublo.tv\/index.php\/wp-json\/wp\/v2\/users\/1"}],"replies":[{"embeddable":true,"href":"https:\/\/nublo.tv\/index.php\/wp-json\/wp\/v2\/comments?post=4701"}],"version-history":[{"count":1,"href":"https:\/\/nublo.tv\/index.php\/wp-json\/wp\/v2\/posts\/4701\/revisions"}],"predecessor-version":[{"id":4703,"href":"https:\/\/nublo.tv\/index.php\/wp-json\/wp\/v2\/posts\/4701\/revisions\/4703"}],"wp:featuredmedia":[{"embeddable":true,"href":"https:\/\/nublo.tv\/index.php\/wp-json\/wp\/v2\/media\/4702"}],"wp:attachment":[{"href":"https:\/\/nublo.tv\/index.php\/wp-json\/wp\/v2\/media?parent=4701"}],"wp:term":[{"taxonomy":"category","embeddable":true,"href":"https:\/\/nublo.tv\/index.php\/wp-json\/wp\/v2\/categories?post=4701"},{"taxonomy":"post_tag","embeddable":true,"href":"https:\/\/nublo.tv\/index.php\/wp-json\/wp\/v2\/tags?post=4701"}],"curies":[{"name":"wp","href":"https:\/\/api.w.org\/{rel}","templated":true}]}}