{"id":4708,"date":"2026-08-18T21:56:05","date_gmt":"2026-08-18T20:56:05","guid":{"rendered":"https:\/\/nublo.tv\/?p=4708"},"modified":"2026-08-29T08:57:49","modified_gmt":"2026-08-29T07:57:49","slug":"el-ayuntamiento-de-la-aldea-de-san-nicolas-abre-el-plazo-para-solicitar-el-acceso-a-la-playa-durante-el-dia-del-charco","status":"publish","type":"post","link":"https:\/\/nublo.tv\/index.php\/2026\/08\/18\/el-ayuntamiento-de-la-aldea-de-san-nicolas-abre-el-plazo-para-solicitar-el-acceso-a-la-playa-durante-el-dia-del-charco\/","title":{"rendered":"El Ayuntamiento de La Aldea de San Nicol\u00e1s abre el plazo para solicitar el acceso a la Playa durante el D\u00eda del Charco"},"content":{"rendered":"<p><span style=\"font-weight: 400\">El Ayuntamiento de La Aldea de San Nicol\u00e1s, a trav\u00e9s de la Concejal\u00eda de Tr\u00e1fico que dirige V\u00edctor Juan Hern\u00e1ndez, informa que ma\u00f1ana se abre el plazo para solicitar el acceso a la zona de playa con motivo de la celebraci\u00f3n del D\u00eda del Charco, que tendr\u00e1 lugar el pr\u00f3ximo 11 de septiembre.<\/span><\/p>\n<p><span style=\"font-weight: 400\">Las personas interesadas podr\u00e1n formalizar su solicitud desde entonces y hasta el pr\u00f3ximo 7 de septiembre, inclusive, a trav\u00e9s del Registro del Ayuntamiento de La Aldea de San Nicol\u00e1s o de su Sede Electr\u00f3nica.<\/span><\/p>\n<p><span style=\"font-weight: 400\">Para realizar la solicitud ser\u00e1 necesario aportar el DNI y la ficha t\u00e9cnica del veh\u00edculo. En el caso de las personas con necesidades espec\u00edficas de movilidad, deber\u00e1n aportar tambi\u00e9n la tarjeta de movilidad correspondiente, mientras que los trabajadores que necesiten acceder a la zona por motivos laborales deber\u00e1n presentar una acreditaci\u00f3n de la empresa que justifique su actividad. En el caso de los medios de comunicaci\u00f3n, ser\u00e1 necesario entregar la acreditaci\u00f3n correspondiente del propio medio.\u00a0<\/span><\/p>\n<p><span style=\"font-weight: 400\">Esta medida tiene como objetivo facilitares\u00bb>La Aldea<\/a>.<\/p>\n","protected":false},"excerpt":{"rendered":"<p>El Ayuntamiento de La Aldea de San Nicol\u00e1s, a trav\u00e9s de la Concejal\u00eda de Tr\u00e1fico que dirige V\u00edctor Juan Hern\u00e1ndez, informa que ma\u00f1ana se abre el plazo para solicitar el&hellip;<\/p>\n","protected":false},"author":1,"featured_media":4711,"comment_status":"open","ping_status":"open","sticky":false,"template":"","format":"standard","meta":{"wpai_generated_summary":"","wpai_meta_description":"","footnotes":""},"categories":[131],"tags":[],"class_list":["post-4708","post","type-post","status-publish","format-standard","has-post-thumbnail","hentry","category-ayuntamiento-de-la-aldea-de-san-nicolas"],"_links":{"self":[{"href":"https:\/\/nublo.tv\/index.php\/wp-json\/wp\/v2\/posts\/4708","targetHints":{"allow":["GET"]}}],"collection":[{"href":"https:\/\/nublo.tv\/index.php\/wp-json\/wp\/v2\/posts"}],"about":[{"href":"https:\/\/nublo.tv\/index.php\/wp-json\/wp\/v2\/types\/post"}],"author":[{"embeddable":true,"href":"https:\/\/nublo.tv\/index.php\/wp-json\/wp\/v2\/users\/1"}],"replies":[{"embeddable":true,"href":"https:\/\/nublo.tv\/index.php\/wp-json\/wp\/v2\/comments?post=4708"}],"version-history":[{"count":2,"href":"https:\/\/nublo.tv\/index.php\/wp-json\/wp\/v2\/posts\/4708\/revisions"}],"predecessor-version":[{"id":18127,"href":"https:\/\/nublo.tv\/index.php\/wp-json\/wp\/v2\/posts\/4708\/revisions\/18127"}],"wp:featuredmedia":[{"embeddable":true,"href":"https:\/\/nublo.tv\/index.php\/wp-json\/wp\/v2\/media\/4711"}],"wp:attachment":[{"href":"https:\/\/nublo.tv\/index.php\/wp-json\/wp\/v2\/media?parent=4708"}],"wp:term":[{"taxonomy":"category","embeddable":true,"href":"https:\/\/nublo.tv\/index.php\/wp-json\/wp\/v2\/categories?post=4708"},{"taxonomy":"post_tag","embeddable":true,"href":"https:\/\/nublo.tv\/index.php\/wp-json\/wp\/v2\/tags?post=4708"}],"curies":[{"name":"wp","href":"https:\/\/api.w.org\/{rel}","templated":true}]}}