{"id":4712,"date":"2026-08-18T23:39:29","date_gmt":"2026-08-18T22:39:29","guid":{"rendered":"https:\/\/nublo.tv\/?p=4712"},"modified":"2026-08-18T23:40:05","modified_gmt":"2026-08-18T22:40:05","slug":"una-noche-para-reconocer-a-quienes-hacen-de-barrial-una-comunidad-siempreviva","status":"publish","type":"post","link":"https:\/\/nublo.tv\/index.php\/2026\/08\/18\/una-noche-para-reconocer-a-quienes-hacen-de-barrial-una-comunidad-siempreviva\/","title":{"rendered":"Una noche para reconocer a quienes hacen de Barrial una comunidad siempreviva"},"content":{"rendered":"\n<p class=\"wp-block-paragraph\"><\/p>\n\n\n\n<p class=\"wp-block-paragraph\">Las Fiestas en honor a Nuestra Se\u00f1ora de los Desamparados 2026 celebraron este martes una jornada dedicada a reconocer la labor de las escuelas, talleres y colectivos que, durante todo el a\u00f1o, mantienen activa la programaci\u00f3n de la Asociaci\u00f3n de Vecinos Amagro y contribuyen a hacer de Barrial un espacio de encuentro, participaci\u00f3n y convivencia.<\/p>\n\n\n\n<p class=\"wp-block-paragraph\">La Plaza Jos\u00e9 Rodr\u00edguez Quintana acogi\u00f3 a partir de las 21:00 horas el acto de reconocimiento, en el que se puso en valor el trabajo desarrollado por los diferentes colectivos vinculados a la entidad vecinal. Entre ellos se encuentran la Escuela de Baile Sabor a Salsa, el G.F. Los Cebolleros, la Escuela de Salsa y Bachata Elvis y Julieta, el Taller de Zumba Wasi, la Escuela de Kizomba, Semba y Tarraxinha, el Taller de Teatro, el Taller de Maquillaje y el Taller de Chi Kung.<\/p>\n\n\n\n<p class=\"wp-block-paragraph\">El presidente de la Asociaci\u00f3n de Vecinos Amagro, Pepe Garc\u00eda, destac\u00f3 durante el acto la importancia de estas actividades para mantener viva la entidad m\u00e1s all\u00e1 del calendario festivo.<\/p>\n\n\n\n<p class=\"wp-block-paragraph\">\u201cEstos colectivos e iniciativas son los que mantienen vivo el d\u00eda a d\u00eda de nuestra Asociaci\u00f3n de Vecinos. Las fiestas son importantes, pero una asociaci\u00f3n no puede vivir \u00fanicamente de sus fiestas; necesita actividad durante todo el a\u00f1o, personas implicadas y espacios donde los vecinos y vecinas puedan encontrarse, aprender, compartir y disfrutar\u201d, se\u00f1al\u00f3.<\/p>\n\n\n\n<p class=\"wp-block-paragraph\">Pepe Garc\u00eda puso tambi\u00e9n de relieve que disponer de esta variedad de actividades en el propio barrio se traduce directamente en calidad de vida para los vecinos y vecinas, al permitirles acceder a propuestas culturales, deportivas y de ocio sin tener que desplazarse fuera de Barrial. En este sentido, apunt\u00f3 que se mantiene una actitud abierta ante nuevas propuestas y facilita sus espacios y recursos siempre que se trate de iniciativas que repercutan positivamente en la comunidad. Puso tambi\u00e9n de relieve la diversidad de propuestas que se desarrollan en la asociaci\u00f3n y que permiten la participaci\u00f3n de personas de diferentes edades e intereses. El trabajo de estos colectivos tiene adem\u00e1s una repercusi\u00f3n directa en la identidad y en la convivencia del barrio. Cada clase, ensayo, taller o actividad genera relaciones, facilita el encuentro entre vecinos y contribuye a construir comunidad.<\/p>\n\n\n\n<p class=\"wp-block-paragraph\">El reconocimiento sirvi\u00f3 asimismo para agradecer la implicaci\u00f3n de monitores, responsables, participantes y familias, as\u00ed como las numerosas horas de organizaci\u00f3n, ensayos y trabajo que existen detr\u00e1s de cada actividad.<\/p>\n\n\n\n<p class=\"wp-block-paragraph\">La jornada tuvo adem\u00e1s un momento especialmente emotivo cuando los asistentes descubrieron que este 18 de agosto coincid\u00eda con el cumplea\u00f1os de Pepe Garc\u00eda, que cumpli\u00f3 61 a\u00f1os.<\/p>\n\n\n\n<p class=\"wp-block-paragraph\">La sorpresa se convirti\u00f3 en uno de los momentos m\u00e1s cercanos de la noche. Toda la Plaza Jos\u00e9 Rodr\u00edguez Quintana se uni\u00f3 para cantarle el tradicional \u201cCumplea\u00f1os feliz\u201d, entre aplausos y muestras de cari\u00f1o hacia el presidente de la Asociaci\u00f3n de Vecinos Amagro.<\/p>\n\n\n\n<p class=\"wp-block-paragraph\">Tras el acto, la programaci\u00f3n continu\u00f3 en la propia Plaza Jos\u00e9 Rodr\u00edguez Quintana con un social de SBK a cargo de DJ Nau, que permiti\u00f3 prolongar la jornada en un ambiente de participaci\u00f3n y convivencia.<\/p>\n\n\n\n<p class=\"wp-block-paragraph\">Con esta iniciativa, las fiestas de Barrial pusieron el foco en una actividad que se desarrolla durante los doce meses del a\u00f1o y que demuestra la capacidad de la Asociaci\u00f3n de Vecinos Amagro para generar espacios de encuentro y participaci\u00f3n.<\/p>\n\n\n\n<p class=\"wp-block-paragraph\">Una jornada en la que el reconocimiento fue para quienes, desde diferentes disciplinas y propuestas, mantienen vivo el movimiento asociativo y hacen posible que Barrial contin\u00fae siendo una comunidad siempreviva, cerrando adem\u00e1s la noche con una celebraci\u00f3n inesperada y muy especial para su presidente.<\/p>\n\n\n\n<p class=\"wp-block-paragraph\"><\/p>\n","protected":false},"excerpt":{"rendered":"<p>Las Fiestas en honor a Nuestra Se\u00f1ora de los Desamparados 2026 celebraron este martes una jornada dedicada a reconocer la labor de las escuelas, talleres y colectivos que, durante todo el a\u00f1o, mantienen activa la programaci\u00f3n de la Asociaci\u00f3n de Vecinos Amagro y contribuyen a hacer de Barrial un espacio de encuentro, participaci\u00f3n y convivencia. [&hellip;]<\/p>\n","protected":false},"author":50,"featured_media":4713,"comment_status":"open","ping_status":"open","sticky":false,"template":"","format":"standard","meta":{"wpai_generated_summary":"","wpai_meta_description":"","footnotes":""},"categories":[153],"tags":[],"class_list":["post-4712","post","type-post","status-publish","format-standard","has-post-thumbnail","hentry","category-galdar"],"_links":{"self":[{"href":"https:\/\/nublo.tv\/index.php\/wp-json\/wp\/v2\/posts\/4712","targetHints":{"allow":["GET"]}}],"collection":[{"href":"https:\/\/nublo.tv\/index.php\/wp-json\/wp\/v2\/posts"}],"about":[{"href":"https:\/\/nublo.tv\/index.php\/wp-json\/wp\/v2\/types\/post"}],"author":[{"embeddable":true,"href":"https:\/\/nublo.tv\/index.php\/wp-json\/wp\/v2\/users\/50"}],"replies":[{"embeddable":true,"href":"https:\/\/nublo.tv\/index.php\/wp-json\/wp\/v2\/comments?post=4712"}],"version-history":[{"count":1,"href":"https:\/\/nublo.tv\/index.php\/wp-json\/wp\/v2\/posts\/4712\/revisions"}],"predecessor-version":[{"id":4714,"href":"https:\/\/nublo.tv\/index.php\/wp-json\/wp\/v2\/posts\/4712\/revisions\/4714"}],"wp:featuredmedia":[{"embeddable":true,"href":"https:\/\/nublo.tv\/index.php\/wp-json\/wp\/v2\/media\/4713"}],"wp:attachment":[{"href":"https:\/\/nublo.tv\/index.php\/wp-json\/wp\/v2\/media?parent=4712"}],"wp:term":[{"taxonomy":"category","embeddable":true,"href":"https:\/\/nublo.tv\/index.php\/wp-json\/wp\/v2\/categories?post=4712"},{"taxonomy":"post_tag","embeddable":true,"href":"https:\/\/nublo.tv\/index.php\/wp-json\/wp\/v2\/tags?post=4712"}],"curies":[{"name":"wp","href":"https:\/\/api.w.org\/{rel}","templated":true}]}}