{"id":4715,"date":"2026-08-19T08:34:09","date_gmt":"2026-08-19T07:34:09","guid":{"rendered":"https:\/\/nublo.tv\/?p=4715"},"modified":"2026-08-27T12:35:28","modified_gmt":"2026-08-27T11:35:28","slug":"la-simbolica-puerta-del-mercado-de-vegueta-protagonista-de-la-carreta-con-la-que-la-capital-participara-en-la-romeria-del-pino","status":"publish","type":"post","link":"https:\/\/nublo.tv\/index.php\/2026\/08\/19\/la-simbolica-puerta-del-mercado-de-vegueta-protagonista-de-la-carreta-con-la-que-la-capital-participara-en-la-romeria-del-pino\/","title":{"rendered":"La simb\u00f3lica puerta del Mercado de Vegueta, protagonista de la carreta con la que la capital participar\u00e1 en la Romer\u00eda del Pino"},"content":{"rendered":"<p>El Ayuntamiento de Las Palmas de Gran Canaria llevar\u00e1 a la Romer\u00eda-Ofrenda del Pino de Teror la simb\u00f3lica puerta del Mercado de Vegueta. Lo har\u00e1 a escala reducida, como elemento central de la carreta con la que el Consistorio capitalino participar\u00e1 el pr\u00f3ximo 7 de septiembre en la 74.\u00aa edici\u00f3n de una de las citas religiosas m\u00e1s populares e importantes de Gran Canaria. La comitiva municipal que presidir\u00e1 la alcaldesa de la ciudad, Carolina Darias, contar\u00e1 adem\u00e1s con la participaci\u00f3n de Los Gofiones, quienes pondr\u00e1n la nota musical al recorrido hasta el p\u00f3rtico de la Bas\u00edlica.<\/p>\n","protected":false},"excerpt":{"rendered":"<p>El Ayuntamiento de Las Palmas de Gran Canaria llevar\u00e1 a la Romer\u00eda-Ofrenda del Pino de Teror la simb\u00f3lica puerta del Mercado de Vegueta. Lo har\u00e1 a escala reducida, como elemento&hellip;<\/p>\n","protected":false},"author":1,"featured_media":4720,"comment_status":"open","ping_status":"open","sticky":false,"template":"","format":"standard","meta":{"wpai_generated_summary":"","wpai_meta_description":"","footnotes":""},"categories":[132],"tags":[],"class_list":["post-4715","post","type-post","status-publish","format-standard","has-post-thumbnail","hentry","category-ayuntamiento-de-las-palmas-de-gran-canaria"],"_links":{"self":[{"href":"https:\/\/nublo.tv\/index.php\/wp-json\/wp\/v2\/posts\/4715","targetHints":{"allow":["GET"]}}],"collection":[{"href":"https:\/\/nublo.tv\/index.php\/wp-json\/wp\/v2\/posts"}],"about":[{"href":"https:\/\/nublo.tv\/index.php\/wp-json\/wp\/v2\/types\/post"}],"author":[{"embeddable":true,"href":"https:\/\/nublo.tv\/index.php\/wp-json\/wp\/v2\/users\/1"}],"replies":[{"embeddable":true,"href":"https:\/\/nublo.tv\/index.php\/wp-json\/wp\/v2\/comments?post=4715"}],"version-history":[{"count":1,"href":"https:\/\/nublo.tv\/index.php\/wp-json\/wp\/v2\/posts\/4715\/revisions"}],"predecessor-version":[{"id":4719,"href":"https:\/\/nublo.tv\/index.php\/wp-json\/wp\/v2\/posts\/4715\/revisions\/4719"}],"wp:featuredmedia":[{"embeddable":true,"href":"https:\/\/nublo.tv\/index.php\/wp-json\/wp\/v2\/media\/4720"}],"wp:attachment":[{"href":"https:\/\/nublo.tv\/index.php\/wp-json\/wp\/v2\/media?parent=4715"}],"wp:term":[{"taxonomy":"category","embeddable":true,"href":"https:\/\/nublo.tv\/index.php\/wp-json\/wp\/v2\/categories?post=4715"},{"taxonomy":"post_tag","embeddable":true,"href":"https:\/\/nublo.tv\/index.php\/wp-json\/wp\/v2\/tags?post=4715"}],"curies":[{"name":"wp","href":"https:\/\/api.w.org\/{rel}","templated":true}]}}