{"id":4717,"date":"2026-08-19T08:34:14","date_gmt":"2026-08-19T07:34:14","guid":{"rendered":"https:\/\/nublo.tv\/?p=4717"},"modified":"2026-08-27T12:35:28","modified_gmt":"2026-08-27T11:35:28","slug":"el-torneo-de-futbol-el-pino-disputara-el-21-y-23-de-agosto-su-58-edicion-en-el-estado-el-pino","status":"publish","type":"post","link":"https:\/\/nublo.tv\/index.php\/2026\/08\/19\/el-torneo-de-futbol-el-pino-disputara-el-21-y-23-de-agosto-su-58-edicion-en-el-estado-el-pino\/","title":{"rendered":"El Torneo de f\u00fatbol \u2018El Pino\u2019 disputar\u00e1 el 21 y 23 de agosto su 58 edici\u00f3n en el Estado El Pino"},"content":{"rendered":"<p class=\"paragraph\" style=\"line-height: 18.75pt;margin: 0cm 0cm 18.75pt;text-align: left\" align=\"center\"><strong><span style=\"font-size: 13.0pt\">El veterano trofeo contar\u00e1 con los equipos de la UD Teror (Reg. Pref.), UD Las Palmas (Juvenil DH), UD San Antonio (1 Regional) y el CF Acodetti (Juvenil DH).\u00a0<\/span><\/strong><\/p>\n<p><span style=\"font-size: 13.0pt\">El Estadio El Pino acoger\u00e1 este fin de semana, el 21 y 23 de agosto, la 58\u00ba edici\u00f3n del\u00a0 Torneo de f\u00fatbol El Pino, que se consolida como uno de los eventos deportivos m\u00e1s veteranos de la programaci\u00f3n de la festividad del Pino. La UD Teror en Regional Preferente compartir\u00e1 cartel la UD Las Palmas (Juvenil DH), UD San Antonio (1 Regional) y el CF Acodetti (Juvenil DH).<\/span><\/p>\n<p class=\"paragraph\" style=\"line-height: 18.75pt;margin: 0cm 0cm 18.75pt 0cm\"><span style=\"font-size: 13.0pt\"><a href=\"https:\/\/teror.es\/wp-content\/uploads\/2026\/08\/19_TORNEO-FUTBOL-ELPINO2.jpeg\"><img loading=\"lazy\" decoding=\"async\" class=\"alignright size-vp_sm wp-image-99053\" src=\"https:\/\/teror.es\/wp-content\/uploads\/2026\/08\/19_TORNEO-FUTBOL-ELPINO2-500x500.jpeg\" alt=\"\" width=\"500\" height=\"500\"><\/a>La primera Semifinal est\u00e1 prevista para el viernes 21 de agosto a las 18:30, enfrentando a la UD Las Palmas (Juvenil DH) contra la UD San Antonio (1 Regional) ; y la segunda Semifinal para las 20:30 horas, con UD Teror (Regional Preferente) contra CF Acodetti (Juvenil DH). como protagonistas. <\/span><\/p>\n<p class=\"paragraph\" style=\"line-height: 18.75pt;margin: 0cm 0cm 18.75pt 0cm\"><span style=\"font-size: 13.0pt\">La final del Torneo se jugar\u00e1 el domingo 23de agosto a las 10:30, con el tercer y cuarto puesto, y a las 12:30 h. se decidir\u00e1 el campe\u00f3n en el partido final. Posteriormente, se entregar\u00e1n los trofeos.<\/span><\/p>\n<p>Desde el \u00e1rea de Deportes del Ayuntamiento de Teror, que dirige el edil Mois\u00e9s Rodr\u00edguez, y el club de la UD Teror Balompie se anima a la afici\u00f3n a que se acerquen el fin de semana al Estadio el Pino a apoyar y participar en esta fiesta del f\u00fatbol, antes de iniciar la temporada y en los preliminares de la Fiesta del Pino.<\/p>\n<p>\u00a0<\/p>\n<div class=\"x14z9mp xat24cr x1lziwak x1vvkbs xtlvy1s x126k92a\">\n<div dir=\"auto\"><\/div>\n<\/div>\n","protected":false},"excerpt":{"rendered":"<p>El veterano trofeo contar\u00e1 con los equipos de la UD Teror (Reg. Pref.), UD Las Palmas (Juvenil DH), UD San Antonio (1 Regional) y el CF Acodetti (Juvenil DH).\u00a0 El&hellip;<\/p>\n","protected":false},"author":1,"featured_media":4722,"comment_status":"open","ping_status":"open","sticky":false,"template":"","format":"standard","meta":{"wpai_generated_summary":"","wpai_meta_description":"","footnotes":""},"categories":[141],"tags":[],"class_list":["post-4717","post","type-post","status-publish","format-standard","has-post-thumbnail","hentry","category-ayuntamiento-de-teror"],"_links":{"self":[{"href":"https:\/\/nublo.tv\/index.php\/wp-json\/wp\/v2\/posts\/4717","targetHints":{"allow":["GET"]}}],"collection":[{"href":"https:\/\/nublo.tv\/index.php\/wp-json\/wp\/v2\/posts"}],"about":[{"href":"https:\/\/nublo.tv\/index.php\/wp-json\/wp\/v2\/types\/post"}],"author":[{"embeddable":true,"href":"https:\/\/nublo.tv\/index.php\/wp-json\/wp\/v2\/users\/1"}],"replies":[{"embeddable":true,"href":"https:\/\/nublo.tv\/index.php\/wp-json\/wp\/v2\/comments?post=4717"}],"version-history":[{"count":1,"href":"https:\/\/nublo.tv\/index.php\/wp-json\/wp\/v2\/posts\/4717\/revisions"}],"predecessor-version":[{"id":4721,"href":"https:\/\/nublo.tv\/index.php\/wp-json\/wp\/v2\/posts\/4717\/revisions\/4721"}],"wp:featuredmedia":[{"embeddable":true,"href":"https:\/\/nublo.tv\/index.php\/wp-json\/wp\/v2\/media\/4722"}],"wp:attachment":[{"href":"https:\/\/nublo.tv\/index.php\/wp-json\/wp\/v2\/media?parent=4717"}],"wp:term":[{"taxonomy":"category","embeddable":true,"href":"https:\/\/nublo.tv\/index.php\/wp-json\/wp\/v2\/categories?post=4717"},{"taxonomy":"post_tag","embeddable":true,"href":"https:\/\/nublo.tv\/index.php\/wp-json\/wp\/v2\/tags?post=4717"}],"curies":[{"name":"wp","href":"https:\/\/api.w.org\/{rel}","templated":true}]}}