{"id":4723,"date":"2026-08-19T11:10:04","date_gmt":"2026-08-19T10:10:04","guid":{"rendered":"https:\/\/nublo.tv\/?p=4723"},"modified":"2026-08-29T08:57:49","modified_gmt":"2026-08-29T07:57:49","slug":"subvencion-del-cabildo-de-gran-canaria-para-la-gestion-y-actualizacion-del-inventario-municipal","status":"publish","type":"post","link":"https:\/\/nublo.tv\/index.php\/2026\/08\/19\/subvencion-del-cabildo-de-gran-canaria-para-la-gestion-y-actualizacion-del-inventario-municipal\/","title":{"rendered":"Subvenci\u00f3n del Cabildo de Gran Canaria para la gesti\u00f3n y actualizaci\u00f3n del Inventario Municipal"},"content":{"rendered":"<div class=\"et_pb_section et_pb_section_0 et_section_regular\">\n<div class=\"et_pb_row et_pb_row_0\">\n<div class=\"et_pb_column et_pb_column_4_4 et_pb_column_0  et_pb_css_mix_blend_mode_passthrough et-last-child\">\n<div class=\"et_pb_module et_pb_image et_pb_image_0\">\n<p>\t\t\t\t<span class=\"et_pb_image_wrap \"><img loading=\"lazy\" decoding=\"async\" width=\"1200\" height=\"643\" src=\"https:\/\/tejeda.eu\/wp-content\/uploads\/2026\/08\/SubvencionInventarioMunicipalAgo2026WEB.png\" alt=\"\" title=\"Subvenci\u00f3n del Cabildo de Gran Canaria para la gesti\u00f3n y actualizaci\u00f3n del Inventario Municipal\" class=\"wp-image-32510\" \/><\/span>\n\t\t\t<\/div>\n<\/p><\/div>\n<\/p><\/div>\n<div class=\"et_pb_row et_pb_row_1\">\n<div class=\"et_pb_column et_pb_column_4_4 et_pb_column_1  et_pb_css_mix_blend_mode_passthrough et-last-child\">\n<div class=\"et_pb_module et_pb_text et_pb_text_0  et_pb_text_align_justified et_pb_bg_layout_light\">\n<div class=\"et_pb_text_inner\">\n<p dir=\"ltr\">El Ayuntamiento de Tejeda, a trav\u00e9s de la concejal\u00eda de Patrimonio Local, ha recibido una subvenci\u00f3n de 15.000 euros del Cabildo de Gran Canaria (Consejer\u00eda de Presidencia y Movilidad Sostenible) para continuar con el proyecto de gesti\u00f3n y actualizaci\u00f3n del Inventario Municipal.<\/p>\n<p dir=\"ltr\">Esta financiaci\u00f3n permitir\u00e1 seguir avanzando en la catalogaci\u00f3n e inventario de los bienes inmuebles de titularidad municipal, la actualizaci\u00f3n de los registros existentes y la mejora de los sistemas de control y seguimiento del patrimonio local.<\/p>\n<p dir=\"ltr\">Asimismo, esta subvenci\u00f3n ha hecho posible la creaci\u00f3n de un puesto de trabajo temporal en el municipio, contribuyendo a la generaci\u00f3n de empleo y al fortalecimiento de los servicios municipales vinculados a la conservaci\u00f3n y gesti\u00f3n del patrimonio de todos los vecinos y vecinas.<\/p>\n<p dir=\"ltr\">Desde el Ayuntamiento de Tejeda seguimos trabajando para preservar y poner en valor nuestro patrimonio, al tiempo que promovemos oportunidades laborales que repercuten positivamente en el desarrollo del municipio.<\/p>\n<\/div><\/div>\n<\/p><\/div>\n<\/p><\/div>\n<\/p><\/div>\n<p>eu\u00bb>Ayuntamiento de Tejeda<\/a>.<\/p>\n","protected":false},"excerpt":{"rendered":"<p>El Ayuntamiento de Tejeda, a trav\u00e9s de la concejal\u00eda de Patrimonio Local, ha recibido una subvenci\u00f3n de 15.000 euros del Cabildo de Gran Canaria (Consejer\u00eda de Presidencia y Movilidad Sostenible)&hellip;<\/p>\n","protected":false},"author":1,"featured_media":4730,"comment_status":"open","ping_status":"open","sticky":false,"template":"","format":"standard","meta":{"wpai_generated_summary":"","wpai_meta_description":"","footnotes":""},"categories":[139],"tags":[],"class_list":["post-4723","post","type-post","status-publish","format-standard","has-post-thumbnail","hentry","category-ayuntamiento-de-tejeda"],"_links":{"self":[{"href":"https:\/\/nublo.tv\/index.php\/wp-json\/wp\/v2\/posts\/4723","targetHints":{"allow":["GET"]}}],"collection":[{"href":"https:\/\/nublo.tv\/index.php\/wp-json\/wp\/v2\/posts"}],"about":[{"href":"https:\/\/nublo.tv\/index.php\/wp-json\/wp\/v2\/types\/post"}],"author":[{"embeddable":true,"href":"https:\/\/nublo.tv\/index.php\/wp-json\/wp\/v2\/users\/1"}],"replies":[{"embeddable":true,"href":"https:\/\/nublo.tv\/index.php\/wp-json\/wp\/v2\/comments?post=4723"}],"version-history":[{"count":2,"href":"https:\/\/nublo.tv\/index.php\/wp-json\/wp\/v2\/posts\/4723\/revisions"}],"predecessor-version":[{"id":18128,"href":"https:\/\/nublo.tv\/index.php\/wp-json\/wp\/v2\/posts\/4723\/revisions\/18128"}],"wp:featuredmedia":[{"embeddable":true,"href":"https:\/\/nublo.tv\/index.php\/wp-json\/wp\/v2\/media\/4730"}],"wp:attachment":[{"href":"https:\/\/nublo.tv\/index.php\/wp-json\/wp\/v2\/media?parent=4723"}],"wp:term":[{"taxonomy":"category","embeddable":true,"href":"https:\/\/nublo.tv\/index.php\/wp-json\/wp\/v2\/categories?post=4723"},{"taxonomy":"post_tag","embeddable":true,"href":"https:\/\/nublo.tv\/index.php\/wp-json\/wp\/v2\/tags?post=4723"}],"curies":[{"name":"wp","href":"https:\/\/api.w.org\/{rel}","templated":true}]}}