{"id":4725,"date":"2026-08-19T11:09:58","date_gmt":"2026-08-19T10:09:58","guid":{"rendered":"https:\/\/nublo.tv\/?p=4725"},"modified":"2026-08-27T12:35:28","modified_gmt":"2026-08-27T11:35:28","slug":"galdar-entrega-las-ayudas-al-estudio-a-42-estudiantes-del-municipio","status":"publish","type":"post","link":"https:\/\/nublo.tv\/index.php\/2026\/08\/19\/galdar-entrega-las-ayudas-al-estudio-a-42-estudiantes-del-municipio\/","title":{"rendered":"G\u00e1ldar entrega las ayudas al estudio a 42 estudiantes del municipio"},"content":{"rendered":"<p>Teodoro Sosa, alcalde de G\u00e1ldar y Rita Cabrera, concejala de Educaci\u00f3n, tuvieron recientemente un encuentro con los beneficiarios de la becas para estudiantes de grado universitario, postgrado universitario y estudios art\u00edsticos superiores durante el curso 2025\/2026 y que est\u00e9n empadronados en el municipio con una antig\u00fcedad m\u00ednima de dos a\u00f1os.<\/p>\n<p>En dicho encuentro Teodoro Sosa y Rita Cabrera felicitaron a los beneficiarios y explicaron que la convocatoria volver\u00e1 a salir adelante el pr\u00f3ximo curso. \u00abDesde el Ayuntamiento no queremos que ning\u00fan estudiante de G\u00e1ldar vea limitado su acceso a la formaci\u00f3n por los gastos que conlleva. Estas ayudas suponen un respaldo para las familias y, al mismo tiempo, una apuesta por la preparaci\u00f3n y las oportunidades de nuestros j\u00f3venes\u00bb, se\u00f1al\u00f3 el primer edil.<\/p>\n<p>El Ayuntamiento de G\u00e1ldar concedi\u00f3 un total de 42 ayudas al estudio a estudiantes empadronados en el municipio por importe total de 50.000 euros, que se adjudican en funci\u00f3n de los gastos justificados. <\/p>\n<p>Las ayudas econ\u00f3micas, que entrega el Ayuntamiento por cuarto a\u00f1o consecutivo, estuvieron dirigidas a los estudiantes del municipio para conceptos no cubiertos por becas del Ministerio de Educaci\u00f3n, del Gobierno de Canarias o de otras administraciones p\u00fablicas.<\/p>\n","protected":false},"excerpt":{"rendered":"<p>Teodoro Sosa, alcalde de G\u00e1ldar y Rita Cabrera, concejala de Educaci\u00f3n, tuvieron recientemente un encuentro con los beneficiarios de la becas para estudiantes de grado universitario, postgrado universitario y estudios&hellip;<\/p>\n","protected":false},"author":1,"featured_media":4728,"comment_status":"open","ping_status":"open","sticky":false,"template":"","format":"standard","meta":{"wpai_generated_summary":"","wpai_meta_description":"","footnotes":""},"categories":[129],"tags":[],"class_list":["post-4725","post","type-post","status-publish","format-standard","has-post-thumbnail","hentry","category-ayuntamiento-de-galdar"],"_links":{"self":[{"href":"https:\/\/nublo.tv\/index.php\/wp-json\/wp\/v2\/posts\/4725","targetHints":{"allow":["GET"]}}],"collection":[{"href":"https:\/\/nublo.tv\/index.php\/wp-json\/wp\/v2\/posts"}],"about":[{"href":"https:\/\/nublo.tv\/index.php\/wp-json\/wp\/v2\/types\/post"}],"author":[{"embeddable":true,"href":"https:\/\/nublo.tv\/index.php\/wp-json\/wp\/v2\/users\/1"}],"replies":[{"embeddable":true,"href":"https:\/\/nublo.tv\/index.php\/wp-json\/wp\/v2\/comments?post=4725"}],"version-history":[{"count":1,"href":"https:\/\/nublo.tv\/index.php\/wp-json\/wp\/v2\/posts\/4725\/revisions"}],"predecessor-version":[{"id":4727,"href":"https:\/\/nublo.tv\/index.php\/wp-json\/wp\/v2\/posts\/4725\/revisions\/4727"}],"wp:featuredmedia":[{"embeddable":true,"href":"https:\/\/nublo.tv\/index.php\/wp-json\/wp\/v2\/media\/4728"}],"wp:attachment":[{"href":"https:\/\/nublo.tv\/index.php\/wp-json\/wp\/v2\/media?parent=4725"}],"wp:term":[{"taxonomy":"category","embeddable":true,"href":"https:\/\/nublo.tv\/index.php\/wp-json\/wp\/v2\/categories?post=4725"},{"taxonomy":"post_tag","embeddable":true,"href":"https:\/\/nublo.tv\/index.php\/wp-json\/wp\/v2\/tags?post=4725"}],"curies":[{"name":"wp","href":"https:\/\/api.w.org\/{rel}","templated":true}]}}