{"id":4731,"date":"2026-08-20T11:15:05","date_gmt":"2026-08-20T10:15:05","guid":{"rendered":"https:\/\/nublo.tv\/?p=4731"},"modified":"2026-08-19T11:17:02","modified_gmt":"2026-08-19T10:17:02","slug":"la-infancia-protagoniza-este-sabado-una-nueva-jornada-de-barrios-vivos-en-barrial","status":"publish","type":"post","link":"https:\/\/nublo.tv\/index.php\/2026\/08\/20\/la-infancia-protagoniza-este-sabado-una-nueva-jornada-de-barrios-vivos-en-barrial\/","title":{"rendered":"La infancia protagoniza este s\u00e1bado una nueva jornada de \u2018Barrios Vivos\u2019 en Barrial"},"content":{"rendered":"\n<p class=\"wp-block-paragraph\"><\/p>\n\n\n\n<p class=\"wp-block-paragraph\">La infancia ser\u00e1 la gran protagonista este s\u00e1bado, 22 de agosto, con una nueva jornada de \u2018Barrios Vivos\u2019, una iniciativa que lleva propuestas educativas, culturales y de ocio familiar a diferentes barrios de G\u00e1ldar, acercando actividades a los propios espacios de convivencia de los vecinos.<\/p>\n\n\n\n<p class=\"wp-block-paragraph\">\u2018Barrios Vivos\u2019 forma parte del programa G\u00e1ldar Educa y se desarrolla en el marco del Plan Corresponsables, impulsado por el Ayuntamiento de G\u00e1ldar a trav\u00e9s de la Concejal\u00eda de Educaci\u00f3n, con la colaboraci\u00f3n de la Federaci\u00f3n Canaria de Municipios (FECAM) y Ocho Pies. El proyecto busca dinamizar los barrios mediante propuestas relacionadas con el juego, la creatividad, la cultura y la participaci\u00f3n de las familias.<\/p>\n\n\n\n<p class=\"wp-block-paragraph\">La iniciativa ya ha estado presente en diferentes barrios de G\u00e1ldar con actividades adaptadas a cada entorno. En Barrial, la Plaza Jos\u00e9 Rodr\u00edguez Quintana acogi\u00f3 en agosto de 2025 una edici\u00f3n que cont\u00f3 con el espacio de juego y arte \u2018Paleta de Colores\u2019 y una sesi\u00f3n de cuentos para todas las edades.<\/p>\n\n\n\n<p class=\"wp-block-paragraph\">En esta ocasi\u00f3n, la actividad regresa a Barrial coincidiendo con la programaci\u00f3n de sus fiestas. La Cancha de Barrial acoger\u00e1 este s\u00e1bado, de 10:30 a 13:30 horas, una ma\u00f1ana especialmente dirigida a los m\u00e1s peque\u00f1os y sus familias, con hinchables, talleres creativos, pintacaras y otras sorpresas.<\/p>\n\n\n\n<p class=\"wp-block-paragraph\">El presidente de la Asociaci\u00f3n de Vecinos Amagro, Pepe Garc\u00eda, destaca la importancia de que la infancia tenga un papel protagonista dentro de las fiestas y de la vida del barrio. Adem\u00e1s, considera que ofrecer actividades dirigidas a los m\u00e1s peque\u00f1os es tambi\u00e9n una manera de garantizar el futuro de la propia comunidad, al permitir que los ni\u00f1os crezcan disfrutando de su barrio, participando en sus actividades y creando desde peque\u00f1os v\u00ednculos con el entorno en el que viven.<\/p>\n\n\n\n<p class=\"wp-block-paragraph\">Desde la A.V. Amagro se valora especialmente que iniciativas como \u2018Barrios Vivos\u2019 acerquen actividades a los propios barrios, facilitando que las familias puedan disfrutar juntas de propuestas de ocio y participaci\u00f3n sin necesidad de salir de su entorno habitual.<\/p>\n\n\n\n<p class=\"wp-block-paragraph\">La entidad vecinal anima a las familias de Barrial a acercarse este s\u00e1bado a la Cancha y disfrutar de una ma\u00f1ana pensada para los ni\u00f1os y ni\u00f1as, pero tambi\u00e9n para compartir y fortalecer la convivencia entre vecinos.<\/p>\n\n\n\n<p class=\"wp-block-paragraph\">La actividad ser\u00e1 gratuita y de entrada libre y se desarrollar\u00e1 entre las 10:30 y las 13:30 horas.<\/p>\n\n\n\n<p class=\"wp-block-paragraph\">Con esta nueva jornada, \u2018Barrios Vivos\u2019 contin\u00faa su recorrido por G\u00e1ldar acercando el juego, la creatividad y la participaci\u00f3n a los diferentes barrios del municipio, mientras Barrial vuelve a contar con una propuesta especialmente dirigida a su infancia dentro de la programaci\u00f3n de sus fiestas.<\/p>\n\n\n\n<p class=\"wp-block-paragraph\">Este s\u00e1bado, la Cancha de Barrial ser\u00e1 el punto de encuentro para una ma\u00f1ana en la que los ni\u00f1os ser\u00e1n los grandes protagonistas, con actividades pensadas para jugar, crear, divertirse y compartir junto a sus familias.<\/p>\n","protected":false},"excerpt":{"rendered":"<p>La infancia ser\u00e1 la gran protagonista este s\u00e1bado, 22 de agosto, con una nueva jornada de \u2018Barrios Vivos\u2019, una iniciativa que lleva propuestas educativas, culturales y de ocio familiar a diferentes barrios de G\u00e1ldar, acercando actividades a los propios espacios de convivencia de los vecinos. \u2018Barrios Vivos\u2019 forma parte del programa G\u00e1ldar Educa y se [&hellip;]<\/p>\n","protected":false},"author":50,"featured_media":4732,"comment_status":"open","ping_status":"open","sticky":false,"template":"","format":"standard","meta":{"wpai_generated_summary":"","wpai_meta_description":"","footnotes":""},"categories":[153],"tags":[],"class_list":["post-4731","post","type-post","status-publish","format-standard","has-post-thumbnail","hentry","category-galdar"],"_links":{"self":[{"href":"https:\/\/nublo.tv\/index.php\/wp-json\/wp\/v2\/posts\/4731","targetHints":{"allow":["GET"]}}],"collection":[{"href":"https:\/\/nublo.tv\/index.php\/wp-json\/wp\/v2\/posts"}],"about":[{"href":"https:\/\/nublo.tv\/index.php\/wp-json\/wp\/v2\/types\/post"}],"author":[{"embeddable":true,"href":"https:\/\/nublo.tv\/index.php\/wp-json\/wp\/v2\/users\/50"}],"replies":[{"embeddable":true,"href":"https:\/\/nublo.tv\/index.php\/wp-json\/wp\/v2\/comments?post=4731"}],"version-history":[{"count":1,"href":"https:\/\/nublo.tv\/index.php\/wp-json\/wp\/v2\/posts\/4731\/revisions"}],"predecessor-version":[{"id":4734,"href":"https:\/\/nublo.tv\/index.php\/wp-json\/wp\/v2\/posts\/4731\/revisions\/4734"}],"wp:featuredmedia":[{"embeddable":true,"href":"https:\/\/nublo.tv\/index.php\/wp-json\/wp\/v2\/media\/4732"}],"wp:attachment":[{"href":"https:\/\/nublo.tv\/index.php\/wp-json\/wp\/v2\/media?parent=4731"}],"wp:term":[{"taxonomy":"category","embeddable":true,"href":"https:\/\/nublo.tv\/index.php\/wp-json\/wp\/v2\/categories?post=4731"},{"taxonomy":"post_tag","embeddable":true,"href":"https:\/\/nublo.tv\/index.php\/wp-json\/wp\/v2\/tags?post=4731"}],"curies":[{"name":"wp","href":"https:\/\/api.w.org\/{rel}","templated":true}]}}