{"id":4739,"date":"2026-08-19T13:16:44","date_gmt":"2026-08-19T12:16:44","guid":{"rendered":"https:\/\/nublo.tv\/?p=4739"},"modified":"2026-08-27T12:35:28","modified_gmt":"2026-08-27T11:35:28","slug":"el-ayuntamiento-convoca-dos-puestos-de-jefatura-de-servicio-en-limpieza-mediante-concurso-especifico-de-meritos","status":"publish","type":"post","link":"https:\/\/nublo.tv\/index.php\/2026\/08\/19\/el-ayuntamiento-convoca-dos-puestos-de-jefatura-de-servicio-en-limpieza-mediante-concurso-especifico-de-meritos\/","title":{"rendered":"El Ayuntamiento convoca dos puestos de Jefatura de Servicio en Limpieza mediante concurso espec\u00edfico de m\u00e9ritos"},"content":{"rendered":"<div class=\"image col-sm-6 pull-right\">\n<div class=\"saga-imagen \">\n\t\t<a href=\"\/export\/sites\/laspalmasgc\/.galleries\/imagenes-noticias-2026\/190826limpieza.png\" title=\"El Ayuntamiento convoca dos puestos de Jefatura de Servicio en Limpieza mediante concurso espec\u00edfico de m\u00e9ritos\" class=\"wrapper-image zoom-filter \"><br \/>\n\t\t\t\t\t<span class=\"sr-only\">Ampliar imagen<\/span><\/p>\n<div class=\"overlay-zoom\">\n\t\t\t\t\t\t<img loading=\"lazy\" decoding=\"async\" class=\"img-responsive\" src=\"\/export\/sites\/laspalmasgc\/.galleries\/imagenes-noticias-2026\/190826limpieza.png_513066471.png\" width=\"900\" height=\"600\" alt=\"El Ayuntamiento convoca dos puestos de Jefatura de Servicio en Limpieza mediante concurso espec\u00edfico de m\u00e9ritos\"><\/p>\n<div class=\"zoom-icon\">\n\t                    \t<span class=\"fa fa-search-plus\" aria-hidden=\"true\"><\/span>\n\t                    <\/div>\n<\/p><\/div>\n<p>\t\t\t\t<\/a>\n\t\t\t<\/div>\n<\/p><\/div>\n<div class=\"container-fluid\">\n<p>Las plazas corresponden a las jefaturas de Servicio de Administraci\u00f3n y de Servicio de Limpieza y Gesti\u00f3n de Residuos, ambas pertenecientes al grupo A1\u00a0<\/p>\n<p>El procedimiento se realizar\u00e1 mediante concurso espec\u00edfico de m\u00e9ritos y est\u00e1 dirigido a personal funcionario de carrera que re\u00fana los requisitos establecidos en las bases<\/p>\n<p>Las Palmas de Gran Canaria, 19 de agosto de 2026. El Ayuntamiento de Las Palmas de Gran Canaria ha publicado este mi\u00e9rcoles en el Bolet\u00edn Oficial del Estado (BOE) el anuncio de la convocatoria, mediante el sistema de concurso espec\u00edfico de m\u00e9ritos, de dos puestos de trabajo de Jefatura de Servicio del \u00d3rgano Especial de Administraci\u00f3n del Servicio Municipal de Limpieza, correspondientes a las \u00e1reas de Administraci\u00f3n y de Limpieza y Gesti\u00f3n de Residuos.<\/p>\n<p>En concreto, la convocatoria contempla un puesto de Jefatura de Servicio de Administraci\u00f3n, con c\u00f3digo SAD-F-01, y otro de Jefatura de Servicio de Limpieza y Gesti\u00f3n de Residuos, con c\u00f3digo SLR-F-01. Ambos puestos pertenecen al grupo A1, cuentan con nivel 28 de complemento de destino y un complemento espec\u00edfico de 91, y se encuentran vacantes en la relaci\u00f3n de puestos de trabajo del Servicio Municipal de Limpieza. Para optar a ellos se exige estar en posesi\u00f3n de las titulaciones establecidas en las bases, entre ellas las de Licenciatura en Derecho, Ciencias Pol\u00edticas, Econ\u00f3micas o Empresariales, Intendente Mercantil o Actuario, o Grado universitario equivalente.<\/p>\n<p>La concejala de Recursos Humanos, Esther Mart\u00edn, ha se\u00f1alado que \u201ccon esta convocatoria seguimos avanzando en una Administraci\u00f3n p\u00fablica basada en la profesionalizaci\u00f3n, el m\u00e9rito y la capacidad, garantizando procedimientos p\u00fablicos y transparentes para la cobertura de puestos de responsabilidad\u201d.<\/p>\n<p>\u201cEstas dos jefaturas son puestos estrat\u00e9gicos y su provisi\u00f3n mediante concurso espec\u00edfico de m\u00e9ritos permitir\u00e1 seleccionar a las personas que acrediten la mejor trayectoria y preparaci\u00f3n para desempe\u00f1ar estas funciones\u201d, ha a\u00f1adido.<\/p>\n<p>Por su parte, el concejal de Higiene Urbana y Carnaval, H\u00e9ctor Alem\u00e1n, ha destacado que \u201cla convocatoria de estas dos jefaturas permitir\u00e1 reforzar tanto la gesti\u00f3n administrativa como la planificaci\u00f3n y coordinaci\u00f3n de los servicios de limpieza y de gesti\u00f3n de residuos\u201d.<\/p>\n<p>El procedimiento, aprobado por la Direcci\u00f3n General de Recursos Humanos, se desarrolla conforme a las bases espec\u00edficas publicadas en el Bolet\u00edn Oficial de la Provincia de Las Palmas n\u00famero 84, de 15 de julio de 2026, y al anuncio de la convocatoria publicado este mi\u00e9rcoles en el Bolet\u00edn Oficial del Estado.<\/p>\n<p>Las bases establecen que podr\u00e1n participar funcionarios y funcionarias de carrera que re\u00fanan las condiciones generales y los requisitos espec\u00edficos exigidos. La convocatoria, disponible a trav\u00e9s del enlace https:\/\/www.laspalmasgc.es\/es\/ayuntamiento\/empleo-publico\/convocatorias-en-curso\/, se dirige al personal del Ayuntamiento de Las Palmas de Gran Canaria y tambi\u00e9n de otras Administraciones P\u00fablicas.<\/p>\n<p>Los puestos de Jefatura de Servicio tienen car\u00e1cter singularizado por las funciones de direcci\u00f3n de personal, coordinaci\u00f3n y supervisi\u00f3n del cumplimiento de las funciones de las unidades administrativas, as\u00ed como por la definici\u00f3n de objetivos generales y operativos y la participaci\u00f3n en los procesos de evaluaci\u00f3n del desempe\u00f1o. Por este motivo, las bases establecen su provisi\u00f3n mediante concurso espec\u00edfico de m\u00e9ritos.<\/p>\n<p>El proceso contempla la valoraci\u00f3n de los m\u00e9ritos de las personas candidatas y la presentaci\u00f3n de la documentaci\u00f3n acreditativa correspondiente, adem\u00e1s de una memoria o proyecto sobre el puesto al que se opta. Este documento deber\u00e1 analizar las tareas, requisitos, condiciones y medios necesarios para el desempe\u00f1o del puesto y plantear una propuesta de organizaci\u00f3n y planificaci\u00f3n para el servicio, conforme a las condiciones establecidas en las bases.<\/p>\n<p>Las solicitudes deber\u00e1n presentarse en el plazo de 15 d\u00edas h\u00e1biles a contar desde el d\u00eda siguiente al de la publicaci\u00f3n de la resoluci\u00f3n en el Bolet\u00edn Oficial del Estado, tal y como establece el anuncio de la convocatoria. El extracto publicado este mi\u00e9rcoles en el BOE se\u00f1ala que los sucesivos anuncios referentes al procedimiento se realizar\u00e1n en la forma prevista en las propias bases.<\/p>\n<\/div>\n","protected":false},"excerpt":{"rendered":"<p>Ampliar imagen Las plazas corresponden a las jefaturas de Servicio de Administraci\u00f3n y de Servicio de Limpieza y Gesti\u00f3n de Residuos, ambas pertenecientes al grupo A1\u00a0 El procedimiento se realizar\u00e1&hellip;<\/p>\n","protected":false},"author":1,"featured_media":4749,"comment_status":"open","ping_status":"open","sticky":false,"template":"","format":"standard","meta":{"wpai_generated_summary":"","wpai_meta_description":"","footnotes":""},"categories":[132],"tags":[],"class_list":["post-4739","post","type-post","status-publish","format-standard","has-post-thumbnail","hentry","category-ayuntamiento-de-las-palmas-de-gran-canaria"],"_links":{"self":[{"href":"https:\/\/nublo.tv\/index.php\/wp-json\/wp\/v2\/posts\/4739","targetHints":{"allow":["GET"]}}],"collection":[{"href":"https:\/\/nublo.tv\/index.php\/wp-json\/wp\/v2\/posts"}],"about":[{"href":"https:\/\/nublo.tv\/index.php\/wp-json\/wp\/v2\/types\/post"}],"author":[{"embeddable":true,"href":"https:\/\/nublo.tv\/index.php\/wp-json\/wp\/v2\/users\/1"}],"replies":[{"embeddable":true,"href":"https:\/\/nublo.tv\/index.php\/wp-json\/wp\/v2\/comments?post=4739"}],"version-history":[{"count":1,"href":"https:\/\/nublo.tv\/index.php\/wp-json\/wp\/v2\/posts\/4739\/revisions"}],"predecessor-version":[{"id":4748,"href":"https:\/\/nublo.tv\/index.php\/wp-json\/wp\/v2\/posts\/4739\/revisions\/4748"}],"wp:featuredmedia":[{"embeddable":true,"href":"https:\/\/nublo.tv\/index.php\/wp-json\/wp\/v2\/media\/4749"}],"wp:attachment":[{"href":"https:\/\/nublo.tv\/index.php\/wp-json\/wp\/v2\/media?parent=4739"}],"wp:term":[{"taxonomy":"category","embeddable":true,"href":"https:\/\/nublo.tv\/index.php\/wp-json\/wp\/v2\/categories?post=4739"},{"taxonomy":"post_tag","embeddable":true,"href":"https:\/\/nublo.tv\/index.php\/wp-json\/wp\/v2\/tags?post=4739"}],"curies":[{"name":"wp","href":"https:\/\/api.w.org\/{rel}","templated":true}]}}