{"id":4743,"date":"2026-08-19T13:16:35","date_gmt":"2026-08-19T12:16:35","guid":{"rendered":"https:\/\/nublo.tv\/?p=4743"},"modified":"2026-08-27T12:35:28","modified_gmt":"2026-08-27T11:35:28","slug":"barrial-acoge-la-primera-parada-de-barrios-vivos-con-pintacaras-hinchables-y-talleres","status":"publish","type":"post","link":"https:\/\/nublo.tv\/index.php\/2026\/08\/19\/barrial-acoge-la-primera-parada-de-barrios-vivos-con-pintacaras-hinchables-y-talleres\/","title":{"rendered":"Barrial acoge la primera parada de Barrios Vivos con pintacaras, hinchables y talleres"},"content":{"rendered":"<p>El Ayuntamiento de G\u00e1ldar, a trav\u00e9s de la Concejal\u00eda de Educaci\u00f3n que dirige Rita Cabrera, organiza la primera cita de este a\u00f1o del proyecto Barrios Vivos en el coraz\u00f3n de Barrial. El programa ofrece talleres creativos y de ocio, pintacaras y contar\u00e1 con hinchables para el disfrute de los ni\u00f1os y ni\u00f1as de G\u00e1ldar junto a sus familias.<\/p>\n<p>El evento tendr\u00e1 lugar este s\u00e1bado 22 de agosto, desde las 10.30 horas y hasta las 13:30. La Plaza de Barrial se convertir\u00e1 en un espacio de encuentro para compartir y crear comunidad entre los vecinos y vecinas. As\u00ed, la iniciativa Barrios Vivos hace una nueva parada este a\u00f1o en Barrial, en un viaje que impulsa los distintos barrios de G\u00e1ldar con actividades centradas en la infancia.<\/p>\n<p>El Ayuntamiento impulsa este proyecto en el marco del programa anual G\u00e1ldar Educa, apoyado por el Plan Corresponsables a trav\u00e9s de la FECAM. Barrios Vivos es una propuesta educativa, cultural y de ocio familiar que lleva espacios de juego y arte a los distintos barrios del municipio, con la colaboraci\u00f3n de Enf\u00f3rmate. Las futuras jornadas de esta iniciativa en el resto del municipio ser\u00e1n comunicadas a trav\u00e9s de la web y redes sociales del Ayuntamiento de G\u00e1ldar.<\/p>\n","protected":false},"excerpt":{"rendered":"<p>El Ayuntamiento de G\u00e1ldar, a trav\u00e9s de la Concejal\u00eda de Educaci\u00f3n que dirige Rita Cabrera, organiza la primera cita de este a\u00f1o del proyecto Barrios Vivos en el coraz\u00f3n de&hellip;<\/p>\n","protected":false},"author":1,"featured_media":4744,"comment_status":"open","ping_status":"open","sticky":false,"template":"","format":"standard","meta":{"wpai_generated_summary":"","wpai_meta_description":"","footnotes":""},"categories":[129],"tags":[],"class_list":["post-4743","post","type-post","status-publish","format-standard","has-post-thumbnail","hentry","category-ayuntamiento-de-galdar"],"_links":{"self":[{"href":"https:\/\/nublo.tv\/index.php\/wp-json\/wp\/v2\/posts\/4743","targetHints":{"allow":["GET"]}}],"collection":[{"href":"https:\/\/nublo.tv\/index.php\/wp-json\/wp\/v2\/posts"}],"about":[{"href":"https:\/\/nublo.tv\/index.php\/wp-json\/wp\/v2\/types\/post"}],"author":[{"embeddable":true,"href":"https:\/\/nublo.tv\/index.php\/wp-json\/wp\/v2\/users\/1"}],"replies":[{"embeddable":true,"href":"https:\/\/nublo.tv\/index.php\/wp-json\/wp\/v2\/comments?post=4743"}],"version-history":[{"count":1,"href":"https:\/\/nublo.tv\/index.php\/wp-json\/wp\/v2\/posts\/4743\/revisions"}],"predecessor-version":[{"id":4745,"href":"https:\/\/nublo.tv\/index.php\/wp-json\/wp\/v2\/posts\/4743\/revisions\/4745"}],"wp:featuredmedia":[{"embeddable":true,"href":"https:\/\/nublo.tv\/index.php\/wp-json\/wp\/v2\/media\/4744"}],"wp:attachment":[{"href":"https:\/\/nublo.tv\/index.php\/wp-json\/wp\/v2\/media?parent=4743"}],"wp:term":[{"taxonomy":"category","embeddable":true,"href":"https:\/\/nublo.tv\/index.php\/wp-json\/wp\/v2\/categories?post=4743"},{"taxonomy":"post_tag","embeddable":true,"href":"https:\/\/nublo.tv\/index.php\/wp-json\/wp\/v2\/tags?post=4743"}],"curies":[{"name":"wp","href":"https:\/\/api.w.org\/{rel}","templated":true}]}}