{"id":4755,"date":"2026-08-19T13:17:10","date_gmt":"2026-08-19T12:17:10","guid":{"rendered":"https:\/\/nublo.tv\/?p=4755"},"modified":"2026-08-29T08:57:49","modified_gmt":"2026-08-29T07:57:49","slug":"bando-alcaldia-28-2026","status":"publish","type":"post","link":"https:\/\/nublo.tv\/index.php\/2026\/08\/19\/bando-alcaldia-28-2026\/","title":{"rendered":"Bando Alcald\u00eda 28\/2026"},"content":{"rendered":"<div class=\"et_pb_section et_pb_section_0 et_section_regular\">\n<div class=\"et_pb_row et_pb_row_0\">\n<div class=\"et_pb_column et_pb_column_4_4 et_pb_column_0  et_pb_css_mix_blend_mode_passthrough et-last-child\">\n<div class=\"et_pb_module et_pb_image et_pb_image_0\">\n<p>\t\t\t\t<span class=\"et_pb_image_wrap \"><img loading=\"lazy\" decoding=\"async\" width=\"1200\" height=\"643\" src=\"https:\/\/tejeda.eu\/wp-content\/uploads\/2026\/08\/BandoAlcaldia_28-2026WEB.png\" alt=\"\" title=\"Bando Alcald\u00eda 28\/2026\" class=\"wp-image-32518\" \/><\/span>\n\t\t\t<\/div>\n<\/p><\/div>\n<\/p><\/div>\n<div class=\"et_pb_row et_pb_row_1\">\n<div class=\"et_pb_column et_pb_column_3_4 et_pb_column_1  et_pb_css_mix_blend_mode_passthrough\">\n<div class=\"et_pb_module et_pb_text et_pb_text_0  et_pb_text_align_justified et_pb_bg_layout_light\">\n<div class=\"et_pb_text_inner\">\n<p><strong>Francisco Juan Perera Hern\u00e1ndez<\/strong>,\u00a0<strong>Alcalde-Presidente<\/strong>\u00a0del\u00a0<strong>Ilustre Ayuntamiento de Tejeda<\/strong>, hace saber:<\/p>\n<p dir=\"ltr\">Que con motivo de la colocaci\u00f3n de las banderas para las Fiestas del Socorro, 2026, permanecer\u00e1 cortado el tr\u00e1fico de veh\u00edculos, el d\u00eda 20 de agosto entre las 07:00 horas hasta las 13,00 horas, las calles: C\/ Ezequiel S\u00e1nchez (altura de bajada de la piscina municipal), C\/ Leocadio Cabrera y C\/ Doctor Domingo Hern\u00e1ndez Guerra, hasta los aparcamiento municipales.<\/p>\n<p dir=\"ltr\">eu\u00bb>Ayuntamiento de Tejeda<\/a>.<\/p>\n","protected":false},"excerpt":{"rendered":"<p>Francisco Juan Perera Hern\u00e1ndez,\u00a0Alcalde-Presidente\u00a0del\u00a0Ilustre Ayuntamiento de Tejeda, hace saber: Que con motivo de la colocaci\u00f3n de las banderas para las Fiestas del Socorro, 2026, permanecer\u00e1 cortado el tr\u00e1fico de veh\u00edculos,&hellip;<\/p>\n","protected":false},"author":1,"featured_media":4760,"comment_status":"open","ping_status":"open","sticky":false,"template":"","format":"standard","meta":{"wpai_generated_summary":"","wpai_meta_description":"","footnotes":""},"categories":[139],"tags":[],"class_list":["post-4755","post","type-post","status-publish","format-standard","has-post-thumbnail","hentry","category-ayuntamiento-de-tejeda"],"_links":{"self":[{"href":"https:\/\/nublo.tv\/index.php\/wp-json\/wp\/v2\/posts\/4755","targetHints":{"allow":["GET"]}}],"collection":[{"href":"https:\/\/nublo.tv\/index.php\/wp-json\/wp\/v2\/posts"}],"about":[{"href":"https:\/\/nublo.tv\/index.php\/wp-json\/wp\/v2\/types\/post"}],"author":[{"embeddable":true,"href":"https:\/\/nublo.tv\/index.php\/wp-json\/wp\/v2\/users\/1"}],"replies":[{"embeddable":true,"href":"https:\/\/nublo.tv\/index.php\/wp-json\/wp\/v2\/comments?post=4755"}],"version-history":[{"count":2,"href":"https:\/\/nublo.tv\/index.php\/wp-json\/wp\/v2\/posts\/4755\/revisions"}],"predecessor-version":[{"id":18129,"href":"https:\/\/nublo.tv\/index.php\/wp-json\/wp\/v2\/posts\/4755\/revisions\/18129"}],"wp:featuredmedia":[{"embeddable":true,"href":"https:\/\/nublo.tv\/index.php\/wp-json\/wp\/v2\/media\/4760"}],"wp:attachment":[{"href":"https:\/\/nublo.tv\/index.php\/wp-json\/wp\/v2\/media?parent=4755"}],"wp:term":[{"taxonomy":"category","embeddable":true,"href":"https:\/\/nublo.tv\/index.php\/wp-json\/wp\/v2\/categories?post=4755"},{"taxonomy":"post_tag","embeddable":true,"href":"https:\/\/nublo.tv\/index.php\/wp-json\/wp\/v2\/tags?post=4755"}],"curies":[{"name":"wp","href":"https:\/\/api.w.org\/{rel}","templated":true}]}}