{"id":4757,"date":"2026-08-19T13:17:32","date_gmt":"2026-08-19T12:17:32","guid":{"rendered":"https:\/\/nublo.tv\/?p=4757"},"modified":"2026-08-27T12:35:28","modified_gmt":"2026-08-27T11:35:28","slug":"la-feria-de-ganado-del-pino-inicia-el-domingo-23-de-agosto-el-programa-festivo","status":"publish","type":"post","link":"https:\/\/nublo.tv\/index.php\/2026\/08\/19\/la-feria-de-ganado-del-pino-inicia-el-domingo-23-de-agosto-el-programa-festivo\/","title":{"rendered":"La Feria de Ganado del Pino inicia el domingo 23 de agosto el programa festivo"},"content":{"rendered":"<p><strong>El evento tradicional tiene lugar en la Finca de Osorio, de 10:00 a 15:00 horas con la exhibici\u00f3n de unos 350 animales y m\u00faltiples actividades para disfrutar en\u00a0familia (carrera de sortijas, gymkana de yuntas, desfile de ganado, trilla, arado romano, trasquila paseos en burro, talleres medioambientales, orde\u00f1o y elaboraci\u00f3n de queso, degustaci\u00f3n de pella de gofio, muestra ornitol\u00f3gica, descamisada y desgranada de pi\u00f1as).<\/strong><\/p>\n<p>La Feria de Ganado del Pino abrir\u00e1 el pr\u00f3ximo domingo 23 de agosto el programa tradicional de la festividad insular, con la muestra en la Finca de Osorio de unos 350 animales de 37 ganaderos\/as de la isla, y numerosas actividades vinculadas a las tradiciones de la tierra para disfrutar en familia.<\/p>\n<p>El recinto acondicionado para la Feria de Ganado del Pino en Osorio, con acceso desde la zona de Los Granadillos, permanecer\u00e1 abierto al p\u00fablico con entrada libre desde las 10:00 a las 15:00 horas. Durante la ma\u00f1ana, guaguas Global dispondr\u00e1 de servicios gratuitos para trasladar desde el Casco de Teror a Osorio, facilitando el traslado hasta la Feria.<\/p>\n<p>Durante el evento, en el que se exhibir\u00e1 ganado vacuno, bovino, caprino, ovino y equino, el Ayuntamiento de Teror, desde el \u00e1rea de Desarrollo Rural, que dirige la edil Irene Ortega, se ofrecer\u00e1n m\u00faltiples actividades l\u00fadicas dirigidas especialmente para compartir en familia, como carrera de sortijas, gymkana de yuntas, desfile de ganado, trilla, arado romano, trasquila, paseos en burro, talleres medioambientales, orde\u00f1o y elaboraci\u00f3n de queso, degustaci\u00f3n de pella de gofio, muestra ornitol\u00f3gica, descamisada y desgranada de pi\u00f1as. Las exhibiciones contar\u00e1n con la colaboraci\u00f3n del Club de Arrastre la Caldera y el Club de Arrastre Gran Canaria.<\/p>\n<p>La m\u00fasica tradicional tambi\u00e9n estar\u00e1 presente en la Feria, a partir de las 12:00 horas, con la actuaci\u00f3n musical de la Parranda El Lebrillo y el Cuerpo de Baile \u2018El \u00c1lamo\u2019.<\/p>\n<p>La entrega de trofeos y premios tendr\u00e1 lugar en torno a las 13:30 horas, donde los\/as ganaderos\/as participantes podr\u00e1n optar a los premios y\u00a0 ayudas al transporte de los animales, que este a\u00f1o ascender\u00e1 a 21.460 \u20ac, casi 5.000 \u20ac m\u00e1s con respecto a 2025.<\/p>\n<p>\u201cEsta celebraci\u00f3n debe servirnos para reflexionar sobre la importancia del Sector Primario y sobre la responsabilidad compartida que tenemos como sociedad de protegerlo, fortalecerlo y reconocer su contribuci\u00f3n\u201d, manifiesta la edil Irene Ortega, \u201cde esta forma estaremos apostando por nuestro territorio, por nuestras ra\u00edces y por el futuro de las generaciones venideras\u201d.<\/p>\n<p>La Feria Ganado del Pino cuenta con la colaboraci\u00f3n de la Consejer\u00eda de Agricultura, Ganader\u00eda, Pesca y Soberan\u00eda Alimentaria del Gobierno de Canarias, a trav\u00e9s; del Cabildo de Gran Canaria, a trav\u00e9s de las consejer\u00edas de Medio Ambiente, Clima, Energ\u00eda y Conocimiento, y de Sector Primario, Soberan\u00eda Alimentaria y Seguridad H\u00eddrica; y el Aula de la Naturaleza de Osorio. Adem\u00e1s participan varias empresas como Grupo Capisa, Coopecana S.L., Grupo Haricana, Arehucas, Pasteror, Disaterura S.L., Estrella Galicia, Ahembo &#8211; 7Up \u2013 Clipper, Global, Los Nueces,\u00a0Restaurante Ca\u00b4Chano, Almacenes B\u00e1ez y Aguas de Teror.<\/p>\n<p><a href=\"https:\/\/teror.es\/wp-content\/uploads\/2026\/08\/19_feria-Gabado-triptico-1.jpg\"><img loading=\"lazy\" decoding=\"async\" class=\"alignleft wp-image-99064 size-full\" src=\"https:\/\/teror.es\/wp-content\/uploads\/2026\/08\/19_feria-Gabado-triptico-1.jpg\" alt=\"\" width=\"777\" height=\"552\" \/><\/a> <a href=\"https:\/\/teror.es\/wp-content\/uploads\/2026\/08\/19_feria-Ganado-triptico-2.jpg\"><img loading=\"lazy\" decoding=\"async\" class=\"alignleft wp-image-99065 size-full\" src=\"https:\/\/teror.es\/wp-content\/uploads\/2026\/08\/19_feria-Ganado-triptico-2.jpg\" alt=\"\" width=\"777\" height=\"552\" \/><\/a><\/p>\n","protected":false},"excerpt":{"rendered":"<p>El evento tradicional tiene lugar en la Finca de Osorio, de 10:00 a 15:00 horas con la exhibici\u00f3n de unos 350 animales y m\u00faltiples actividades para disfrutar en\u00a0familia (carrera de&hellip;<\/p>\n","protected":false},"author":1,"featured_media":4762,"comment_status":"open","ping_status":"open","sticky":false,"template":"","format":"standard","meta":{"wpai_generated_summary":"","wpai_meta_description":"","footnotes":""},"categories":[141],"tags":[],"class_list":["post-4757","post","type-post","status-publish","format-standard","has-post-thumbnail","hentry","category-ayuntamiento-de-teror"],"_links":{"self":[{"href":"https:\/\/nublo.tv\/index.php\/wp-json\/wp\/v2\/posts\/4757","targetHints":{"allow":["GET"]}}],"collection":[{"href":"https:\/\/nublo.tv\/index.php\/wp-json\/wp\/v2\/posts"}],"about":[{"href":"https:\/\/nublo.tv\/index.php\/wp-json\/wp\/v2\/types\/post"}],"author":[{"embeddable":true,"href":"https:\/\/nublo.tv\/index.php\/wp-json\/wp\/v2\/users\/1"}],"replies":[{"embeddable":true,"href":"https:\/\/nublo.tv\/index.php\/wp-json\/wp\/v2\/comments?post=4757"}],"version-history":[{"count":1,"href":"https:\/\/nublo.tv\/index.php\/wp-json\/wp\/v2\/posts\/4757\/revisions"}],"predecessor-version":[{"id":4761,"href":"https:\/\/nublo.tv\/index.php\/wp-json\/wp\/v2\/posts\/4757\/revisions\/4761"}],"wp:featuredmedia":[{"embeddable":true,"href":"https:\/\/nublo.tv\/index.php\/wp-json\/wp\/v2\/media\/4762"}],"wp:attachment":[{"href":"https:\/\/nublo.tv\/index.php\/wp-json\/wp\/v2\/media?parent=4757"}],"wp:term":[{"taxonomy":"category","embeddable":true,"href":"https:\/\/nublo.tv\/index.php\/wp-json\/wp\/v2\/categories?post=4757"},{"taxonomy":"post_tag","embeddable":true,"href":"https:\/\/nublo.tv\/index.php\/wp-json\/wp\/v2\/tags?post=4757"}],"curies":[{"name":"wp","href":"https:\/\/api.w.org\/{rel}","templated":true}]}}