{"id":4763,"date":"2026-08-24T11:15:00","date_gmt":"2026-08-24T10:15:00","guid":{"rendered":"https:\/\/nublo.tv\/?p=4763"},"modified":"2026-08-21T12:41:32","modified_gmt":"2026-08-21T11:41:32","slug":"actividades-infantiles-este-martes-en-barrial-dentro-de-las-fiestas-patronales","status":"publish","type":"post","link":"https:\/\/nublo.tv\/index.php\/2026\/08\/24\/actividades-infantiles-este-martes-en-barrial-dentro-de-las-fiestas-patronales\/","title":{"rendered":"Actividades infantiles y juveniles este martes en Barrial dentro de las fiestas patronales."},"content":{"rendered":"\r\n<p class=\"wp-block-paragraph\">Barrial contin\u00faa este martes con la programaci\u00f3n de sus fiestas en honor a Nuestra Se\u00f1ora de Los Desamparados 2026 con una jornada que combinar\u00e1 actividades destinadas a los m\u00e1s peque\u00f1os y el deporte.<\/p>\r\n\r\n\r\n\r\n<p class=\"wp-block-paragraph\">La programaci\u00f3n comenzar\u00e1 a las 17:00 horas, en la Plaza Jos\u00e9 Rodr\u00edguez Quintana, con una fiesta infantil acu\u00e1tica y fiesta juvenil, una propuesta pensada para que ni\u00f1os y j\u00f3venes puedan disfrutar de una tarde diferente en el marco de las celebraciones. La actividad contar\u00e1 con juegos de mesa, espect\u00e1culo de payasos y una sesi\u00f3n de cine, ofreciendo distintas alternativas de entretenimiento para las familias.<\/p>\r\n\r\n\r\n\r\n<p class=\"wp-block-paragraph\">El presidente de la Asociaci\u00f3n de Vecinos Amagro, Pepe, destac\u00f3 la importancia de reservar dentro del programa festivo espacios especialmente pensados para la infancia: \u00abLos ni\u00f1os tambi\u00e9n tienen sus d\u00edas dentro de las fiestas. Queremos que tengan su propio espacio, que disfruten, jueguen y vivan estas celebraciones como protagonistas, porque ellos tambi\u00e9n forman parte de Barrial y son una parte fundamental del presente y del futuro del barrio\u00bb.<\/p>\r\n\r\n\r\n\r\n<p class=\"wp-block-paragraph\">La jornada festiva tendr\u00e1 tambi\u00e9n su espacio para el deporte. A las 18:30 horas, el Estadio de Barrial acoger\u00e1 la primera semifinal del LXIX Torneo U.D. Barrial, en la que se enfrentar\u00e1n los equipos de U.D. Gu\u00eda, U.D. Agaete, C.D. San Isidro y U.D. Barrial, dentro de una de las citas deportivas tradicionales de estas fiestas.<\/p>\r\n\r\n\r\n\r\n<p class=\"wp-block-paragraph\">De esta manera, Barrial mantiene una programaci\u00f3n que busca combinar tradici\u00f3n, convivencia, ocio, cultura y deporte, con actividades dirigidas a diferentes generaciones y pensadas para favorecer la participaci\u00f3n de vecinos y visitantes.<\/p>\r\n\r\n\r\n\r\n<p class=\"wp-block-paragraph\">Las fiestas en honor a Nuestra Se\u00f1ora de Los Desamparados continuar\u00e1n durante los pr\u00f3ximos d\u00edas con una amplia programaci\u00f3n que tendr\u00e1 en la Plaza Jos\u00e9 Rodr\u00edguez Quintana y otros espacios del barrio sus principales escenarios.<\/p>\r\n\r\n\r\n\r\n<p class=\"wp-block-paragraph\">La jornada de este martes supone as\u00ed un nuevo cap\u00edtulo de unas fiestas que vuelven a convertir a Barrial en punto de encuentro para las familias y para quienes desean disfrutar de sus celebraciones.<\/p>\r\n","protected":false},"excerpt":{"rendered":"<p>Barrial contin\u00faa este martes con la programaci\u00f3n de sus fiestas en honor a Nuestra Se\u00f1ora de Los Desamparados 2026 con una jornada que combinar\u00e1 actividades destinadas a los m\u00e1s peque\u00f1os y el deporte. La programaci\u00f3n comenzar\u00e1 a las 17:00 horas, en la Plaza Jos\u00e9 Rodr\u00edguez Quintana, con una fiesta infantil acu\u00e1tica y fiesta juvenil, una [&hellip;]<\/p>\n","protected":false},"author":50,"featured_media":4768,"comment_status":"open","ping_status":"open","sticky":false,"template":"","format":"standard","meta":{"wpai_generated_summary":"","wpai_meta_description":"","footnotes":""},"categories":[153],"tags":[],"class_list":["post-4763","post","type-post","status-publish","format-standard","has-post-thumbnail","hentry","category-galdar"],"_links":{"self":[{"href":"https:\/\/nublo.tv\/index.php\/wp-json\/wp\/v2\/posts\/4763","targetHints":{"allow":["GET"]}}],"collection":[{"href":"https:\/\/nublo.tv\/index.php\/wp-json\/wp\/v2\/posts"}],"about":[{"href":"https:\/\/nublo.tv\/index.php\/wp-json\/wp\/v2\/types\/post"}],"author":[{"embeddable":true,"href":"https:\/\/nublo.tv\/index.php\/wp-json\/wp\/v2\/users\/50"}],"replies":[{"embeddable":true,"href":"https:\/\/nublo.tv\/index.php\/wp-json\/wp\/v2\/comments?post=4763"}],"version-history":[{"count":2,"href":"https:\/\/nublo.tv\/index.php\/wp-json\/wp\/v2\/posts\/4763\/revisions"}],"predecessor-version":[{"id":4774,"href":"https:\/\/nublo.tv\/index.php\/wp-json\/wp\/v2\/posts\/4763\/revisions\/4774"}],"wp:featuredmedia":[{"embeddable":true,"href":"https:\/\/nublo.tv\/index.php\/wp-json\/wp\/v2\/media\/4768"}],"wp:attachment":[{"href":"https:\/\/nublo.tv\/index.php\/wp-json\/wp\/v2\/media?parent=4763"}],"wp:term":[{"taxonomy":"category","embeddable":true,"href":"https:\/\/nublo.tv\/index.php\/wp-json\/wp\/v2\/categories?post=4763"},{"taxonomy":"post_tag","embeddable":true,"href":"https:\/\/nublo.tv\/index.php\/wp-json\/wp\/v2\/tags?post=4763"}],"curies":[{"name":"wp","href":"https:\/\/api.w.org\/{rel}","templated":true}]}}