{"id":4764,"date":"2026-08-19T13:34:14","date_gmt":"2026-08-19T12:34:14","guid":{"rendered":"https:\/\/nublo.tv\/?p=4764"},"modified":"2026-08-29T08:57:49","modified_gmt":"2026-08-29T07:57:49","slug":"la-aldea-de-san-nicolas-celebra-el-25o-aniversario-de-aires-de-la-aldea-con-un-concierto-especial","status":"publish","type":"post","link":"https:\/\/nublo.tv\/index.php\/2026\/08\/19\/la-aldea-de-san-nicolas-celebra-el-25o-aniversario-de-aires-de-la-aldea-con-un-concierto-especial\/","title":{"rendered":"La Aldea de San Nicol\u00e1s celebra el 25\u00ba aniversario de Aires de La Aldea con un concierto especial"},"content":{"rendered":"<p><span style=\"font-weight: 400\">La Aldea de San Nicol\u00e1s acoger\u00e1 el pr\u00f3ximo s\u00e1bado 5 de septiembre, a partir de las 20:30 horas, un concierto especial con motivo del 25\u00ba aniversario de la Asociaci\u00f3n Cultural y Musical Aires de la Aldea y de la Escuela de M\u00fasica Do\u00f1a Gloria de la Nuez-Aires de La Aldea. La cita se celebrar\u00e1 en la Plaza del Proyecto de Desarrollo Comunitario y reunir\u00e1 sobre el escenario a diferentes formaciones y artistas invitados.<\/span><\/p>\n<p><span style=\"font-weight: 400\">La programaci\u00f3n contar\u00e1 con la participaci\u00f3n de la Banda Municipal de M\u00fasica de Tabladitos de Barlovento, procedente de La Palma, como banda invitada, adem\u00e1s de la actuaci\u00f3n de la reconocida artista Cristina Ramos, que se sumar\u00e1 a esta celebraci\u00f3n con una propuesta musical especialmente vinculada a una fecha tan significativa para la asociaci\u00f3n y la escuela aldeanas.<\/span><\/p>\n<p><span style=\"font-weight: 400\">A lo largo de sus 25 a\u00f1os de trayectoria, Aires de la Aldea y la Escuela de M\u00fasica Do\u00f1a Gloria de la Nuez han contribuido a fomentar el aprendizaje y la pr\u00e1ctica musical en el municipio, generando espacios de formaci\u00f3n, participaci\u00f3n y encuentro en torno a la m\u00fasica y favoreciendo la incorporaci\u00f3n de nuevas generaciones a la actividad cultural.<\/span><\/p>\n<p><span style=\"font-weight: 400\">\u201cCelebrar 25 a\u00f1os de Aires de la Aldea y de su Escuela de M\u00fasica es celebrar tambi\u00e9n una parte muy importante de la historia cultural reciente de nuestro municipio\u201d, ha se\u00f1alado el concejal de Cultura, V\u00edctor Juan Hern\u00e1ndez, quien ha destacado que \u201cdurante todo este tiempo han sido muchas las personas que han aprendido, disfrutado y crecido alrededor de la m\u00fasica, haciendo de esta asociaci\u00f3n y de su escuela un referente de participaci\u00f3n cultural en La Aldea\u201d.<\/span><\/p>\n<p><span style=\"font-weight: 400\">El edil ha animado asimismo a la ciudadan\u00eda a participar en esta cita, se\u00f1alando que \u201chemos querido que este aniversario tenga un car\u00e1cter especial, reuniendo a m\u00fasicos, formaciones y artistas invitados para compartir con el p\u00fablico una noche de celebraci\u00f3n y reconocimiento a quienes han hecho posible que Aires de la Aldea llegue hasta aqu\u00ed\u201d.<\/span><\/p>\n<p><span style=\"font-weight: 400\">Desde el Ayuntamiento de La Aldea de San Nicol\u00e1s hacemos extensiva esta invitaci\u00f3n a residentes y visitantes para que acudan a este concierto conmemorativo, que servir\u00e1 para reconocer la trayectoria de Aires de la Aldea y de la Escuela de M\u00fasica y poner en valor el papel de la m\u00fasica como herramienta de formaci\u00f3n, participaci\u00f3n y dinamizaci\u00f3n cultural del municipio.<\/span><\/p>\n<p>es\u00bb>La Aldea<\/a>.<\/p>\n","protected":false},"excerpt":{"rendered":"<p>La Aldea de San Nicol\u00e1s acoger\u00e1 el pr\u00f3ximo s\u00e1bado 5 de septiembre, a partir de las 20:30 horas, un concierto especial con motivo del 25\u00ba aniversario de la Asociaci\u00f3n Cultural&hellip;<\/p>\n","protected":false},"author":1,"featured_media":4770,"comment_status":"open","ping_status":"open","sticky":false,"template":"","format":"standard","meta":{"wpai_generated_summary":"","wpai_meta_description":"","footnotes":""},"categories":[131],"tags":[],"class_list":["post-4764","post","type-post","status-publish","format-standard","has-post-thumbnail","hentry","category-ayuntamiento-de-la-aldea-de-san-nicolas"],"_links":{"self":[{"href":"https:\/\/nublo.tv\/index.php\/wp-json\/wp\/v2\/posts\/4764","targetHints":{"allow":["GET"]}}],"collection":[{"href":"https:\/\/nublo.tv\/index.php\/wp-json\/wp\/v2\/posts"}],"about":[{"href":"https:\/\/nublo.tv\/index.php\/wp-json\/wp\/v2\/types\/post"}],"author":[{"embeddable":true,"href":"https:\/\/nublo.tv\/index.php\/wp-json\/wp\/v2\/users\/1"}],"replies":[{"embeddable":true,"href":"https:\/\/nublo.tv\/index.php\/wp-json\/wp\/v2\/comments?post=4764"}],"version-history":[{"count":2,"href":"https:\/\/nublo.tv\/index.php\/wp-json\/wp\/v2\/posts\/4764\/revisions"}],"predecessor-version":[{"id":18130,"href":"https:\/\/nublo.tv\/index.php\/wp-json\/wp\/v2\/posts\/4764\/revisions\/18130"}],"wp:featuredmedia":[{"embeddable":true,"href":"https:\/\/nublo.tv\/index.php\/wp-json\/wp\/v2\/media\/4770"}],"wp:attachment":[{"href":"https:\/\/nublo.tv\/index.php\/wp-json\/wp\/v2\/media?parent=4764"}],"wp:term":[{"taxonomy":"category","embeddable":true,"href":"https:\/\/nublo.tv\/index.php\/wp-json\/wp\/v2\/categories?post=4764"},{"taxonomy":"post_tag","embeddable":true,"href":"https:\/\/nublo.tv\/index.php\/wp-json\/wp\/v2\/tags?post=4764"}],"curies":[{"name":"wp","href":"https:\/\/api.w.org\/{rel}","templated":true}]}}