{"id":4766,"date":"2026-08-19T13:34:19","date_gmt":"2026-08-19T12:34:19","guid":{"rendered":"https:\/\/nublo.tv\/?p=4766"},"modified":"2026-08-27T12:35:28","modified_gmt":"2026-08-27T11:35:28","slug":"el-ayuntamiento-retira-mas-de-700-kilos-de-basura-de-la-ladera-de-el-polvorin","status":"publish","type":"post","link":"https:\/\/nublo.tv\/index.php\/2026\/08\/19\/el-ayuntamiento-retira-mas-de-700-kilos-de-basura-de-la-ladera-de-el-polvorin\/","title":{"rendered":"El Ayuntamiento retira m\u00e1s de 700 kilos de basura de la ladera de El Polvor\u00edn"},"content":{"rendered":"<div class=\"image col-sm-6 pull-right\">\n<div class=\"saga-imagen \">\n\t\t<a href=\"\/export\/sites\/laspalmasgc\/.galleries\/imagenes-noticias-2026\/190826limpieza2.png\" title=\"El Ayuntamiento retira m\u00e1s de  700 kilos de basura de la ladera de El Polvor\u00edn\" class=\"wrapper-image zoom-filter \"><br \/>\n\t\t\t\t\t<span class=\"sr-only\">Ampliar imagen<\/span><\/p>\n<div class=\"overlay-zoom\">\n\t\t\t\t\t\t<img loading=\"lazy\" decoding=\"async\" class=\"img-responsive\" src=\"\/export\/sites\/laspalmasgc\/.galleries\/imagenes-noticias-2026\/190826limpieza2.png_1065907003.png\" width=\"900\" height=\"675\" alt=\"El Ayuntamiento retira m\u00e1s de  700 kilos de basura de la ladera de El Polvor\u00edn\"><\/p>\n<div class=\"zoom-icon\">\n\t                    \t<span class=\"fa fa-search-plus\" aria-hidden=\"true\"><\/span>\n\t                    <\/div>\n<\/p><\/div>\n<p>\t\t\t\t<\/a>\n\t\t\t<\/div>\n<\/p><\/div>\n<div class=\"container-fluid\">\n<p>La actuaci\u00f3n realizada por Parques y Jardines con la colaboraci\u00f3n de Limpieza intensifica el mantenimiento habitual de ambos servicios municipales en la zona<\/p>\n<p>Las Palmas de Gran Canaria, 19 de agosto de 2026.- El \u00a0Ayuntamiento de Las Palmas de Gran Canaria ha realizado una actuaci\u00f3n integral en la ladera entre las calles Dean L\u00f3pez Mart\u00edn y Rafaela Manrique, en el barrio de El Polvor\u00edn, para retirar m\u00e1s de 700 kilos de vertidos de las zonas terrosas.<\/p>\n<p>La actuaci\u00f3n, programada por el \u00e1rea de Parques y Jardines, ha requerido de la colaboraci\u00f3n de Limpieza y se ha centrado en recoger principalmente residuos dom\u00e9sticos como pa\u00f1ales, envases, latas o bolsas de basura que se tiran a la zona ajardinada que rodea a los edificios y a las laderas anexas. Para trabajar sobre el desnivel, el dispositivo de Parques y Jardines tambi\u00e9n ha incluido el descuelgue de dos operarios con arneses y pinzas de alcance.<\/p>\n<p>El Servicio Municipal de Limpieza moviliz\u00f3 \u00a0para la actuaci\u00f3n a diez trabajadores y emple\u00f3 diferentes medios mec\u00e1nicos, entre ellos un veh\u00edculo ligero y dos camiones de caja abierta. Con este trabajo, se refuerzan las labores desarrolladas de forma conjunta por los distintos servicios municipales en el barrio.<\/p>\n<p>Desde el \u00e1rea de Parques y Jardines se complementan las actuaciones de mantenimiento y conservaci\u00f3n de las zonas verdes de la ciudad con intervenciones intensivas en aquellas zonas de los cinco distritos que lo necesitan. Para ello, a la cuadrilla de operarios de zona se suma una cuadrilla n\u00f3mada, creada en el a\u00f1o 2024, que se acopla al trabajo donde sea necesario realizar un esfuerzo operativo puntual.<\/p>\n<p>\u00abEs necesario que los barrios vean sus zonas verdes limpias y cuidadas y para eso en ocasiones necesitamos intensificar el trabajo de mantenimiento habitual. Para eso creamos la cuadrilla de refuerzo, que tambi\u00e9n ayuda en otras actuaciones especiales que realizamos fuera de programaci\u00f3n, y contamos con la colaboraci\u00f3n de otras \u00e1reas para aumentar la efectividad\u00bb, destac\u00f3 Gemma Mart\u00ednez Soli\u00f1o, concejala de Desarrollo Estrat\u00e9gico, Sostenibilidad, Energ\u00eda y Parques y Jardines.<\/p>\n<p>El Polvor\u00edn fue el segundo barrio al que se acudi\u00f3 con el programa de actuaciones conjunta entre las \u00e1reas de Parques y Jardines y Limpieza, en agosto de 2023, cuando se retiraron 600 kilos de residuos y 2500 de restos org\u00e1nicos. Desde entonces, adem\u00e1s del mantenimiento habitual, el \u00e1rea de Parques y Jardines y Limpieza realizan al menos una vez al a\u00f1o una actuaci\u00f3n intensiva y coordinada que aborda con mayor capacidad y operatividad la intervenci\u00f3n.<\/p>\n<\/div>\n","protected":false},"excerpt":{"rendered":"<p>Ampliar imagen La actuaci\u00f3n realizada por Parques y Jardines con la colaboraci\u00f3n de Limpieza intensifica el mantenimiento habitual de ambos servicios municipales en la zona Las Palmas de Gran Canaria,&hellip;<\/p>\n","protected":false},"author":1,"featured_media":4772,"comment_status":"open","ping_status":"open","sticky":false,"template":"","format":"standard","meta":{"wpai_generated_summary":"","wpai_meta_description":"","footnotes":""},"categories":[132],"tags":[],"class_list":["post-4766","post","type-post","status-publish","format-standard","has-post-thumbnail","hentry","category-ayuntamiento-de-las-palmas-de-gran-canaria"],"_links":{"self":[{"href":"https:\/\/nublo.tv\/index.php\/wp-json\/wp\/v2\/posts\/4766","targetHints":{"allow":["GET"]}}],"collection":[{"href":"https:\/\/nublo.tv\/index.php\/wp-json\/wp\/v2\/posts"}],"about":[{"href":"https:\/\/nublo.tv\/index.php\/wp-json\/wp\/v2\/types\/post"}],"author":[{"embeddable":true,"href":"https:\/\/nublo.tv\/index.php\/wp-json\/wp\/v2\/users\/1"}],"replies":[{"embeddable":true,"href":"https:\/\/nublo.tv\/index.php\/wp-json\/wp\/v2\/comments?post=4766"}],"version-history":[{"count":1,"href":"https:\/\/nublo.tv\/index.php\/wp-json\/wp\/v2\/posts\/4766\/revisions"}],"predecessor-version":[{"id":4771,"href":"https:\/\/nublo.tv\/index.php\/wp-json\/wp\/v2\/posts\/4766\/revisions\/4771"}],"wp:featuredmedia":[{"embeddable":true,"href":"https:\/\/nublo.tv\/index.php\/wp-json\/wp\/v2\/media\/4772"}],"wp:attachment":[{"href":"https:\/\/nublo.tv\/index.php\/wp-json\/wp\/v2\/media?parent=4766"}],"wp:term":[{"taxonomy":"category","embeddable":true,"href":"https:\/\/nublo.tv\/index.php\/wp-json\/wp\/v2\/categories?post=4766"},{"taxonomy":"post_tag","embeddable":true,"href":"https:\/\/nublo.tv\/index.php\/wp-json\/wp\/v2\/tags?post=4766"}],"curies":[{"name":"wp","href":"https:\/\/api.w.org\/{rel}","templated":true}]}}