{"id":4775,"date":"2026-08-19T15:05:11","date_gmt":"2026-08-19T14:05:11","guid":{"rendered":"https:\/\/nublo.tv\/?p=4775"},"modified":"2026-08-27T12:35:28","modified_gmt":"2026-08-27T11:35:28","slug":"el-ayuntamiento-abre-el-punto-de-transito-de-almacenamiento-de-residuos-en-miraflor","status":"publish","type":"post","link":"https:\/\/nublo.tv\/index.php\/2026\/08\/19\/el-ayuntamiento-abre-el-punto-de-transito-de-almacenamiento-de-residuos-en-miraflor\/","title":{"rendered":"El Ayuntamiento abre el Punto de Tr\u00e1nsito de almacenamiento de residuos en Miraflor"},"content":{"rendered":"<p><strong>El nuevo servicio recoge un m\u00e1ximo de 10 bultos por persona\/d\u00eda empadronada en el municipio. La instalaci\u00f3n abre de lunes a s\u00e1bado, de 8:00 a 14:40 h; y martes y jueves tambi\u00e9n por la tarde de 17:00 a 19:00 horas. Se mantiene activo el servicio de recogida a domicilio llamando al 928630075.<\/strong><\/p>\n<p>El Ayuntamiento ha abierto mi\u00e9rcoles 19 de agosto el Punto de Tr\u00e1nsito para la recogida de residuos, ubicado en Llanos de Ar\u00e9valo &#8211; Miraflor, junto a la Estaci\u00f3n Depuradora de Aguas Residuales (E.D.A.R.), que permitir\u00e1 fomentar el reciclaje selectivo y descongestionar el servicio de recogida, tanto en domicilios como en la v\u00eda p\u00fablica.<\/p>\n<p><a href=\"https:\/\/teror.es\/wp-content\/uploads\/2026\/08\/19_Punto-Transito-Residuos2.jpeg\"><img loading=\"lazy\" decoding=\"async\" class=\"alignright wp-image-99078\" src=\"https:\/\/teror.es\/wp-content\/uploads\/2026\/08\/19_Punto-Transito-Residuos2-500x679.jpeg\" alt=\"\" width=\"300\" height=\"407\" \/><\/a>El horario de apertura de la instalaci\u00f3n ser\u00e1 de lunes a s\u00e1bado de 8:00 a 14:40 horas, y los martes y jueves tambi\u00e9n en horario de tarde, de 17:00 a 19:00 horas. Los domingos y festivos permanecer\u00e1 cerrado. Los horarios variar\u00e1n en funci\u00f3n de la \u00e9poca del a\u00f1o (verano\/invierno) y en las primeras semanas podr\u00e1 haber alg\u00fan ajuste, en funci\u00f3n de la demanda que se perciba.<\/p>\n<p>Para utilizar el servicio gratuito, ser\u00e1 obligatorio estar empadronado en el municipio, condici\u00f3n que el sistema comprobar\u00e1 de forma autom\u00e1tica mediante la lectura del DNI. Con el objetivo de no dejar a nadie desatendido, aquellas personas que residan en el municipio, pero no est\u00e9n empadronadas podr\u00e1n seguir utilizando el servicio de recogida a domicilio gratuito, llamando al 928 63 00 75.<\/p>\n<p><a href=\"https:\/\/teror.es\/wp-content\/uploads\/2026\/08\/19_Punto-Transito-Residuos4.jpeg\"><img loading=\"lazy\" decoding=\"async\" class=\"alignright size-vp_sm wp-image-99080\" src=\"https:\/\/teror.es\/wp-content\/uploads\/2026\/08\/19_Punto-Transito-Residuos4-500x378.jpeg\" alt=\"\" width=\"500\" height=\"378\" \/><\/a> <a href=\"https:\/\/teror.es\/wp-content\/uploads\/2026\/08\/19_Punto-Transito-Residuos7.jpeg\"><img loading=\"lazy\" decoding=\"async\" class=\"alignright size-vp_sm wp-image-99083\" src=\"https:\/\/teror.es\/wp-content\/uploads\/2026\/08\/19_Punto-Transito-Residuos7-500x375.jpeg\" alt=\"\" width=\"500\" height=\"375\" \/><\/a><a href=\"https:\/\/teror.es\/wp-content\/uploads\/2026\/08\/19_Punto-Transito-Residuos1.jpeg\"><img decoding=\"async\" loading=\"lazy\" class=\"alignright size-vp_sm wp-image-99077\" src=\"https:\/\/teror.es\/wp-content\/uploads\/2026\/08\/19_Punto-Transito-Residuos1-500x361.jpeg\" alt=\"\" width=\"500\" height=\"361\" \/><\/a><a href=\"https:\/\/teror.es\/wp-content\/uploads\/2026\/08\/19_Punto-Transito-Residuos5.jpeg\"><img decoding=\"async\" loading=\"lazy\" class=\"alignright size-vp_sm wp-image-99081\" src=\"https:\/\/teror.es\/wp-content\/uploads\/2026\/08\/19_Punto-Transito-Residuos5-500x420.jpeg\" alt=\"\" width=\"500\" height=\"420\" \/><\/a> <a href=\"https:\/\/teror.es\/wp-content\/uploads\/2026\/08\/19_Punto-Transito-Residuos6.jpeg\"><img decoding=\"async\" loading=\"lazy\" class=\"alignright size-vp_sm wp-image-99082\" src=\"https:\/\/teror.es\/wp-content\/uploads\/2026\/08\/19_Punto-Transito-Residuos6-500x320.jpeg\" alt=\"\" width=\"500\" height=\"320\" \/><\/a>Desde el \u00e1rea de Limpieza, que dirige Irene Ortega, se reafirma el compromiso del Ayuntamiento de Teror con la sostenibilidad urbana, facilitando a la ciudadan\u00eda un canal c\u00f3modo y controlado para deshacerse de los materiales que no tienen cabida en los contenedores de residuos habituales. \u201cDe esta forma damos respuesta a la demanda de la ciudadan\u00eda que puede y desea transportar los residuos de manera aut\u00f3noma, sin tener que esperar a la recogida domiciliaria y ayudamos con esta alternativa a evitar los vertidos ilegales en la v\u00eda p\u00fablica que tanto nos preocupan y ocupan\u201d, explic\u00f3 la edil.<\/p>\n<p><strong>QU\u00c9 RESIDUOS PODR\u00c1N DEPOSITARSE EN EL PUNTO DE TR\u00c1NSITO<\/strong><\/p>\n<p>Se admitir\u00e1n un m\u00e1ximo de 10 bultos por persona y d\u00eda para garantizar la fluidez del servicio. Dentro del material autorizado para depositar en el Punto de Tr\u00e1nsito se encuentran los escombros de construcci\u00f3n y demolici\u00f3n (siempre que est\u00e9n 100% libres de amianto); elementos de pl\u00e1stico que no tengan cabida en el contenedor amarillo (como juguetes, mangueras, sillas); metales, residuos biodegradables procedentes de podas, y enseres voluminosos como colchones o muebles.<\/p>\n<p>Tambi\u00e9n se aceptan peque\u00f1os electrodom\u00e9sticos y equipos electr\u00f3nicos que no contengan componentes peligrosos (como lavadoras, secadoras, microondas o ventiladores). Sin embargo, no est\u00e1n autorizados electrodom\u00e9sticos tipificados como peligrosos, como neveras, congeladores, termos, impresoras o cualquier otro aparato el\u00e9ctrico susceptible de verter l\u00edquidos contaminantes.<\/p>\n<p>El Ayuntamiento de Teror ha adjudicado la gesti\u00f3n de este servicio por cuatro a\u00f1os, prorrogable por una anualidad adicional y un presupuesto 629.293,40 euros, que incluye, adem\u00e1s de la gesti\u00f3n y transporte, el control de acceso y vigilancia de las instalaciones.<\/p>\n<p>Esta instalaci\u00f3n est\u00e1 preparada para el almacenamiento transitorio de residuos s\u00f3lidos no peligrosos, con una capacidad de entre 4.800 y 5.000 toneladas. Dispone de ba\u00f1eras para la recogida ordenada de enseres, maderas y mobiliario dom\u00e9stico; madera proveniente de la poda, material met\u00e1lico, pl\u00e1sticos, escombros, equipos el\u00e9ctricos y electr\u00f3nicos no peligrosos, para el posterior transporte a los Gestores Autorizados correspondientes.<\/p>\n<p>Con la puesta en marcha de esta instalaci\u00f3n, el Ayuntamiento de Teror conf\u00eda en que la ciudadan\u00eda colabore evitando los vertidos incontrolados de trastos y enseres en la v\u00eda p\u00fablica, recordando que se mantiene el servicio gratuito de recogida que ofrece el Servicio Municipal de Limpieza llamando al 928630075.<\/p>\n","protected":false},"excerpt":{"rendered":"<p>El nuevo servicio recoge un m\u00e1ximo de 10 bultos por persona\/d\u00eda empadronada en el municipio. La instalaci\u00f3n abre de lunes a s\u00e1bado, de 8:00 a 14:40 h; y martes y&hellip;<\/p>\n","protected":false},"author":1,"featured_media":4783,"comment_status":"open","ping_status":"open","sticky":false,"template":"","format":"standard","meta":{"wpai_generated_summary":"","wpai_meta_description":"","footnotes":""},"categories":[141],"tags":[],"class_list":["post-4775","post","type-post","status-publish","format-standard","has-post-thumbnail","hentry","category-ayuntamiento-de-teror"],"_links":{"self":[{"href":"https:\/\/nublo.tv\/index.php\/wp-json\/wp\/v2\/posts\/4775","targetHints":{"allow":["GET"]}}],"collection":[{"href":"https:\/\/nublo.tv\/index.php\/wp-json\/wp\/v2\/posts"}],"about":[{"href":"https:\/\/nublo.tv\/index.php\/wp-json\/wp\/v2\/types\/post"}],"author":[{"embeddable":true,"href":"https:\/\/nublo.tv\/index.php\/wp-json\/wp\/v2\/users\/1"}],"replies":[{"embeddable":true,"href":"https:\/\/nublo.tv\/index.php\/wp-json\/wp\/v2\/comments?post=4775"}],"version-history":[{"count":1,"href":"https:\/\/nublo.tv\/index.php\/wp-json\/wp\/v2\/posts\/4775\/revisions"}],"predecessor-version":[{"id":4782,"href":"https:\/\/nublo.tv\/index.php\/wp-json\/wp\/v2\/posts\/4775\/revisions\/4782"}],"wp:featuredmedia":[{"embeddable":true,"href":"https:\/\/nublo.tv\/index.php\/wp-json\/wp\/v2\/media\/4783"}],"wp:attachment":[{"href":"https:\/\/nublo.tv\/index.php\/wp-json\/wp\/v2\/media?parent=4775"}],"wp:term":[{"taxonomy":"category","embeddable":true,"href":"https:\/\/nublo.tv\/index.php\/wp-json\/wp\/v2\/categories?post=4775"},{"taxonomy":"post_tag","embeddable":true,"href":"https:\/\/nublo.tv\/index.php\/wp-json\/wp\/v2\/tags?post=4775"}],"curies":[{"name":"wp","href":"https:\/\/api.w.org\/{rel}","templated":true}]}}