{"id":4779,"date":"2026-08-19T15:05:07","date_gmt":"2026-08-19T14:05:07","guid":{"rendered":"https:\/\/nublo.tv\/?p=4779"},"modified":"2026-08-27T12:35:28","modified_gmt":"2026-08-27T11:35:28","slug":"el-tramo-de-la-gc-21-en-el-hoyo-se-asfalta-este-jueves-y-viernes-tras-finalizar-las-obras-de-endesa","status":"publish","type":"post","link":"https:\/\/nublo.tv\/index.php\/2026\/08\/19\/el-tramo-de-la-gc-21-en-el-hoyo-se-asfalta-este-jueves-y-viernes-tras-finalizar-las-obras-de-endesa\/","title":{"rendered":"El tramo de la GC-21 en El Hoyo se asfalta este jueves y viernes tras finalizar las obras de Endesa"},"content":{"rendered":"<p><strong>La v\u00eda no se cortar\u00e1 al tr\u00e1fico, pero se restringe el paso de veh\u00edculo con un solo carril regulado por sem\u00e1foro. La obra queda finalizada antes de la Fiesta del Pino, como hab\u00eda exigido el Ayuntamiento a la empresa el\u00e9ctrica.<\/strong><\/p>\n<p>Este jueves y viernes, 20 y 21 de agosto, se asfaltar\u00e1 el tramo de la carretera GC-21 en la zona de El Hoyo donde se ha llevado a cabo la obra de Endesa para la instalaci\u00f3n de una nueva l\u00ednea subterr\u00e1nea de media tensi\u00f3n. Para la ejecuci\u00f3n de la repavimentaci\u00f3n no se cerrar\u00e1 totalmente la v\u00eda al tr\u00e1fico, pero se restringir\u00e1 con un solo carril regulado por sem\u00e1foro, como se ha venido haciendo durante los anteriores trabajos.<\/p>\n<p>El Ayuntamiento de Teror, desde la Oficina T\u00e9cnica municipal, ha realizado un seguimiento de las obras para que finalizaran antes de las Fiestas del Pino, como se comprometi\u00f3 con la empresa Endesa, y no ocasionara mayores molestias en la v\u00eda principal de acceso al Casco de Teror. Los plazos de ejecuci\u00f3n se han cumplido seg\u00fan lo previsto, culminando la instalaci\u00f3n de los 1.140 metros de longitud del cable de media tensi\u00f3n que comunica los dos centros de transformaci\u00f3n desde la calle Luj\u00e1n P\u00e9rez, pasando bajo el Paseo Gonz\u00e1lez D\u00edaz, Calle San Mat\u00edas, Avenida Monse\u00f1or, Socorro Lantigua, Virgen de Lourdes y Camino Viejo de El Hoyo.<\/p>\n<p>Para la ejecuci\u00f3n del proyecto, Endesa ha invertido 988.000 \u20ac, que mejorar\u00e1 el servicio a un total de 2.064 clientes de Teror, seg\u00fan informa la entidad. La potencia total instalada es de 5.240 KVA (kilovoltamperios). El objetivo principal del proyecto ha sido incrementar la seguridad, fiabilidad y calidad del suministro el\u00e9ctrico mediante la instalaci\u00f3n de un nuevo circuito subterr\u00e1neo y la modernizaci\u00f3n de los centros de transformaci\u00f3n existentes.<\/p>\n<p>Durante la obra, la empresa ha cuidado al m\u00e1ximo el valor patrimonial del municipio, evitando da\u00f1os e los elementos hist\u00f3ricos por donde transcurre el cableado. La compa\u00f1\u00eda el\u00e9ctrica cont\u00f3 en todo momento con la colaboraci\u00f3n del Ayuntamiento de Teror a la hora de tramitar los detalles administrativos de este proyecto y hacer cumplir los periodos de ejecuci\u00f3n para que finalizara antes de finalizar el mes de agosto.<\/p>\n<p>\u00a0<\/p>\n<p>\u00a0<\/p>\n","protected":false},"excerpt":{"rendered":"<p>La v\u00eda no se cortar\u00e1 al tr\u00e1fico, pero se restringe el paso de veh\u00edculo con un solo carril regulado por sem\u00e1foro. La obra queda finalizada antes de la Fiesta del&hellip;<\/p>\n","protected":false},"author":1,"featured_media":4780,"comment_status":"open","ping_status":"open","sticky":false,"template":"","format":"standard","meta":{"wpai_generated_summary":"","wpai_meta_description":"","footnotes":""},"categories":[141],"tags":[],"class_list":["post-4779","post","type-post","status-publish","format-standard","has-post-thumbnail","hentry","category-ayuntamiento-de-teror"],"_links":{"self":[{"href":"https:\/\/nublo.tv\/index.php\/wp-json\/wp\/v2\/posts\/4779","targetHints":{"allow":["GET"]}}],"collection":[{"href":"https:\/\/nublo.tv\/index.php\/wp-json\/wp\/v2\/posts"}],"about":[{"href":"https:\/\/nublo.tv\/index.php\/wp-json\/wp\/v2\/types\/post"}],"author":[{"embeddable":true,"href":"https:\/\/nublo.tv\/index.php\/wp-json\/wp\/v2\/users\/1"}],"replies":[{"embeddable":true,"href":"https:\/\/nublo.tv\/index.php\/wp-json\/wp\/v2\/comments?post=4779"}],"version-history":[{"count":1,"href":"https:\/\/nublo.tv\/index.php\/wp-json\/wp\/v2\/posts\/4779\/revisions"}],"predecessor-version":[{"id":4781,"href":"https:\/\/nublo.tv\/index.php\/wp-json\/wp\/v2\/posts\/4779\/revisions\/4781"}],"wp:featuredmedia":[{"embeddable":true,"href":"https:\/\/nublo.tv\/index.php\/wp-json\/wp\/v2\/media\/4780"}],"wp:attachment":[{"href":"https:\/\/nublo.tv\/index.php\/wp-json\/wp\/v2\/media?parent=4779"}],"wp:term":[{"taxonomy":"category","embeddable":true,"href":"https:\/\/nublo.tv\/index.php\/wp-json\/wp\/v2\/categories?post=4779"},{"taxonomy":"post_tag","embeddable":true,"href":"https:\/\/nublo.tv\/index.php\/wp-json\/wp\/v2\/tags?post=4779"}],"curies":[{"name":"wp","href":"https:\/\/api.w.org\/{rel}","templated":true}]}}