{"id":4788,"date":"2026-08-19T16:16:05","date_gmt":"2026-08-19T15:16:05","guid":{"rendered":"https:\/\/nublo.tv\/?p=4788"},"modified":"2026-08-27T12:35:28","modified_gmt":"2026-08-27T11:35:28","slug":"la-escuderia-aterura-ha-abierto-la-inscripcion-para-participar-en-el-45o-rallye-villa-de-teror","status":"publish","type":"post","link":"https:\/\/nublo.tv\/index.php\/2026\/08\/19\/la-escuderia-aterura-ha-abierto-la-inscripcion-para-participar-en-el-45o-rallye-villa-de-teror\/","title":{"rendered":"La Escuder\u00eda Aterura ha abierto la inscripci\u00f3n para participar en el 45\u00ba Rallye Villa de Teror"},"content":{"rendered":"<p><strong>El plazo de inscripci\u00f3n permanece abierto en <span style=\"color: #0000ff\"><a style=\"color: #0000ff\" href=\"https:\/\/www.vmrm.net\/rallie\/2026\/gc_45teror\/index.php\">www.vmrm.net.<\/a><\/span> hasta el 16 de septiembreo hasta completar el cupo reglamentado.<\/strong><\/p>\n<p>El 45\u00ba Rallye Villa de Teror ha abierto este martes 18 de agosto el plazo de inscripci\u00f3n para participar en el evento deportivo, que se celebrar\u00e1 el 25 y 26 de septiembre.\u00a0La fecha l\u00edmite de inscripci\u00f3n ser\u00e1 el 16 de septiembre, o hasta completar el cupo reglamentado.<\/p>\n<p>El enlace para poder inscribirse y el resto de la informaci\u00f3n relativa al rallye, est\u00e1 disponible en <span style=\"color: #0000ff\"><a style=\"color: #0000ff\" href=\"https:\/\/www.vmrm.net\/rallie\/2026\/gc_45teror\/index.php\">www.vmrm.net.<\/a><\/span> Desde la Escuder\u00eda Aterura se pide a los equipos que completen debidamente todos los campos de la hoja de inscripci\u00f3n.<\/p>\n<p><a href=\"https:\/\/teror.es\/wp-content\/uploads\/2026\/08\/19_RALLYE-TEROR.jpeg\"><img decoding=\"async\" loading=\"lazy\" class=\"alignright size-vp_sm wp-image-99094\" src=\"https:\/\/teror.es\/wp-content\/uploads\/2026\/08\/19_RALLYE-TEROR-500x625.jpeg\" alt=\"\" width=\"500\" height=\"625\" \/><\/a>La 45\u00aa edici\u00f3n del Rallye Villa de Teror consta de ocho (8) Pruebas Especiales, sumando aproximadamente 88 kil\u00f3metros cronometrados. Los tramos que componen el rut\u00f3metro ser\u00e1n: Teror-Utiaca con 10,34kms (tres pasadas), Artenara-Cruz de Tejeda con 13,95kms (tres pasadas) y Zumacal-Los Castillos con 7,52kms (dos pasadas).<\/p>\n<p>Como es tradici\u00f3n, las verificaciones administrativas y t\u00e9cnicas, adem\u00e1s de la ceremonia de salida, se llevar\u00e1n a cabo el viernes d\u00eda 25 de septiembre en los alrededores de la Bas\u00edlica del Pino, centrando la jornada competitiva en el s\u00e1bado 26 desde las 9:00h, siendo la llegada final a las 19:30h, con los reagrupamientos y parques de trabajo situados tambi\u00e9n en el Casco Hist\u00f3rico de Teror.<\/p>\n<p>La Escuder\u00eda Aterura y el Rallye Villa de Teror tienen la ayuda directa del Ayuntamiento de Teror, con la implicaci\u00f3n de varias Concejal\u00edas, especialmente el \u00c1rea de Deportes y la empresa local Aguas de Teror.\u00a0 Desde la empresa privada se cuenta con el apoyo de EMICELA y ORVECAME a trav\u00e9s de su marca Lancia, adem\u00e1s del respaldo de la Federaci\u00f3n de Automovilismo de Las Palmas y el apoyo institucional de la Consejer\u00eda de Deportes del Cabildo de Gran Canaria a trav\u00e9s del Instituto Insular de Deportes.<\/p>\n","protected":false},"excerpt":{"rendered":"<p>El plazo de inscripci\u00f3n permanece abierto en www.vmrm.net. hasta el 16 de septiembreo hasta completar el cupo reglamentado. El 45\u00ba Rallye Villa de Teror ha abierto este martes 18 de&hellip;<\/p>\n","protected":false},"author":1,"featured_media":4791,"comment_status":"open","ping_status":"open","sticky":false,"template":"","format":"standard","meta":{"wpai_generated_summary":"","wpai_meta_description":"","footnotes":""},"categories":[141],"tags":[],"class_list":["post-4788","post","type-post","status-publish","format-standard","has-post-thumbnail","hentry","category-ayuntamiento-de-teror"],"_links":{"self":[{"href":"https:\/\/nublo.tv\/index.php\/wp-json\/wp\/v2\/posts\/4788","targetHints":{"allow":["GET"]}}],"collection":[{"href":"https:\/\/nublo.tv\/index.php\/wp-json\/wp\/v2\/posts"}],"about":[{"href":"https:\/\/nublo.tv\/index.php\/wp-json\/wp\/v2\/types\/post"}],"author":[{"embeddable":true,"href":"https:\/\/nublo.tv\/index.php\/wp-json\/wp\/v2\/users\/1"}],"replies":[{"embeddable":true,"href":"https:\/\/nublo.tv\/index.php\/wp-json\/wp\/v2\/comments?post=4788"}],"version-history":[{"count":1,"href":"https:\/\/nublo.tv\/index.php\/wp-json\/wp\/v2\/posts\/4788\/revisions"}],"predecessor-version":[{"id":4790,"href":"https:\/\/nublo.tv\/index.php\/wp-json\/wp\/v2\/posts\/4788\/revisions\/4790"}],"wp:featuredmedia":[{"embeddable":true,"href":"https:\/\/nublo.tv\/index.php\/wp-json\/wp\/v2\/media\/4791"}],"wp:attachment":[{"href":"https:\/\/nublo.tv\/index.php\/wp-json\/wp\/v2\/media?parent=4788"}],"wp:term":[{"taxonomy":"category","embeddable":true,"href":"https:\/\/nublo.tv\/index.php\/wp-json\/wp\/v2\/categories?post=4788"},{"taxonomy":"post_tag","embeddable":true,"href":"https:\/\/nublo.tv\/index.php\/wp-json\/wp\/v2\/tags?post=4788"}],"curies":[{"name":"wp","href":"https:\/\/api.w.org\/{rel}","templated":true}]}}