{"id":4793,"date":"2026-08-19T16:37:51","date_gmt":"2026-08-19T15:37:51","guid":{"rendered":"https:\/\/nublo.tv\/?p=4793"},"modified":"2026-08-27T12:35:28","modified_gmt":"2026-08-27T11:35:28","slug":"galdar-instala-seis-nuevos-puntos-de-luz-en-la-calle-parroco-hernandez-benitez-de-san-isidro","status":"publish","type":"post","link":"https:\/\/nublo.tv\/index.php\/2026\/08\/19\/galdar-instala-seis-nuevos-puntos-de-luz-en-la-calle-parroco-hernandez-benitez-de-san-isidro\/","title":{"rendered":"G\u00e1ldar instala seis nuevos puntos de luz en la calle P\u00e1rroco Hern\u00e1ndez Ben\u00edtez de San Isidro"},"content":{"rendered":"<p>El Ayuntamiento de G\u00e1ldar ha instalado seis nuevos puntos de luz en la calle P\u00e1rroco Hern\u00e1ndez Ben\u00edtez, en el barrio de San Isidro, dando respuesta a una de las propuestas planteadas por los vecinos durante la 18\u00aa asamblea del itinerario participativo \u2018Contigo, G\u00e1ldar Sigue Avanzando\u2019, celebrada el pasado 16 de abril.<\/p>\n<p>La actuaci\u00f3n se encuentra incluida en el Plan de Barrios, una iniciativa municipal que recoge las demandas y propuestas trasladadas directamente por los vecinos y vecinas de los diferentes n\u00facleos del municipio durante las asambleas abiertas desarrolladas a lo largo de los \u00faltimos meses. En el caso de San Isidro, entre las peticiones planteadas se encontraba la mejora del alumbrado p\u00fablico en determinadas v\u00edas del barrio.<\/p>\n<p>La Concejal\u00eda de Alumbrado, dirigida por Cristian Perdomo, llev\u00f3 a cabo los trabajos de instalaci\u00f3n de los nuevos puntos de luz despu\u00e9s de proceder al cierre al tr\u00e1fico de la citada v\u00eda el pasado 12 de agosto. Una vez finalizada la actuaci\u00f3n, que cont\u00f3 con un presupuesto de 7.000 euros, la calle ha recuperado la normalidad.<\/p>\n<p>El pasado lunes, 17 de agosto, Cristian Perdomo y Julio Mateo Castillo, primer teniente de alcalde del Ayuntamiento de G\u00e1ldar, se desplazaron hasta San Isidro para comprobar el resultado de los trabajos y conocer de primera mano c\u00f3mo ha quedado la nueva instalaci\u00f3n. La incorporaci\u00f3n de estos seis nuevos puntos de luz permitir\u00e1 mejorar las condiciones de iluminaci\u00f3n de la v\u00eda, atendiendo as\u00ed una demanda trasladada directamente por los residentes de San Isidro y reforzando el compromiso del Ayuntamiento de G\u00e1ldar con la mejora de los servicios p\u00fablicos en los barrios.<\/p>\n<p>Esta actuaci\u00f3n supone un nuevo ejemplo del modelo de participaci\u00f3n impulsado por el grupo de gobierno a trav\u00e9s de \u2018Contigo, G\u00e1ldar Sigue Avanzando\u2019, un itinerario que ha recorrido los diferentes barrios y n\u00facleos del municipio para recoger las inquietudes, necesidades y propuestas de la ciudadan\u00eda de cara a la planificaci\u00f3n de las pr\u00f3ximas actuaciones municipales. El Ayuntamiento contin\u00faa as\u00ed avanzando en la ejecuci\u00f3n de las actuaciones comprometidas con los vecinos en las diferentes asambleas, trasladando las propuestas recogidas durante este proceso participativo a intervenciones concretas para seguir mejorando los barrios de G\u00e1ldar.<\/p>\n<p>El Ayuntamiento de G\u00e1ldar recuerda que el tel\u00e9fono de incidencias de alumbrado p\u00fablico est\u00e1 disponible las 24 horas del d\u00eda para comunicar cualquier incidencia relacionada con este servicio. El n\u00famero de atenci\u00f3n es el 648 76 35 02.<\/p>\n","protected":false},"excerpt":{"rendered":"<p>El Ayuntamiento de G\u00e1ldar ha instalado seis nuevos puntos de luz en la calle P\u00e1rroco Hern\u00e1ndez Ben\u00edtez, en el barrio de San Isidro, dando respuesta a una de las propuestas&hellip;<\/p>\n","protected":false},"author":1,"featured_media":4808,"comment_status":"open","ping_status":"open","sticky":false,"template":"","format":"standard","meta":{"wpai_generated_summary":"","wpai_meta_description":"","footnotes":""},"categories":[129],"tags":[],"class_list":["post-4793","post","type-post","status-publish","format-standard","has-post-thumbnail","hentry","category-ayuntamiento-de-galdar"],"_links":{"self":[{"href":"https:\/\/nublo.tv\/index.php\/wp-json\/wp\/v2\/posts\/4793","targetHints":{"allow":["GET"]}}],"collection":[{"href":"https:\/\/nublo.tv\/index.php\/wp-json\/wp\/v2\/posts"}],"about":[{"href":"https:\/\/nublo.tv\/index.php\/wp-json\/wp\/v2\/types\/post"}],"author":[{"embeddable":true,"href":"https:\/\/nublo.tv\/index.php\/wp-json\/wp\/v2\/users\/1"}],"replies":[{"embeddable":true,"href":"https:\/\/nublo.tv\/index.php\/wp-json\/wp\/v2\/comments?post=4793"}],"version-history":[{"count":1,"href":"https:\/\/nublo.tv\/index.php\/wp-json\/wp\/v2\/posts\/4793\/revisions"}],"predecessor-version":[{"id":4795,"href":"https:\/\/nublo.tv\/index.php\/wp-json\/wp\/v2\/posts\/4793\/revisions\/4795"}],"wp:featuredmedia":[{"embeddable":true,"href":"https:\/\/nublo.tv\/index.php\/wp-json\/wp\/v2\/media\/4808"}],"wp:attachment":[{"href":"https:\/\/nublo.tv\/index.php\/wp-json\/wp\/v2\/media?parent=4793"}],"wp:term":[{"taxonomy":"category","embeddable":true,"href":"https:\/\/nublo.tv\/index.php\/wp-json\/wp\/v2\/categories?post=4793"},{"taxonomy":"post_tag","embeddable":true,"href":"https:\/\/nublo.tv\/index.php\/wp-json\/wp\/v2\/tags?post=4793"}],"curies":[{"name":"wp","href":"https:\/\/api.w.org\/{rel}","templated":true}]}}