{"id":48,"date":"2026-08-04T17:37:06","date_gmt":"2026-08-04T16:37:06","guid":{"rendered":"https:\/\/nublo.tv\/?p=48"},"modified":"2026-08-04T17:37:06","modified_gmt":"2026-08-04T16:37:06","slug":"galdar-inaugura-las-marquesinas-fotovoltaicas-del-tanatorio-municipal-y-reabre-su-aparcamiento","status":"publish","type":"post","link":"https:\/\/nublo.tv\/index.php\/2026\/08\/04\/galdar-inaugura-las-marquesinas-fotovoltaicas-del-tanatorio-municipal-y-reabre-su-aparcamiento\/","title":{"rendered":"G\u00e1ldar inaugura las marquesinas fotovoltaicas del tanatorio municipal y reabre su aparcamiento"},"content":{"rendered":"<p>El Ayuntamiento de G\u00e1ldar, a trav\u00e9s de la Concejal\u00eda de Medio Ambiente, que dirige Ulises Miranda Guerra, inaugur\u00f3 este martes las nuevas marquesinas fotovoltaicas del aparcamiento del tanatorio municipal de San Isidro, una actuaci\u00f3n que permite poner nuevamente en servicio este espacio al tiempo que incorpora una nueva instalaci\u00f3n para la producci\u00f3n de energ\u00eda limpia. <\/p>\n<p>El acto cont\u00f3 con la presencia del alcalde de la ciudad, Teodoro Sosa Monz\u00f3n; la viceconsejera de Transici\u00f3n Ecol\u00f3gica, Lucha contra el Cambio Clim\u00e1tico y Energ\u00eda del Gobierno de Canarias, Julieta Schallenberg; el consejero de Medio Ambiente, Energ\u00eda y Clima del Cabildo de Gran Canaria, Ra\u00fal Garc\u00eda Brink, y el concejal de Medio Ambiente del Ayuntamiento de G\u00e1ldar, Ulises Miranda Guerra. El proyecto se ha desarrollado con un presupuesto de 827.781 euros, financiados en un 85% a trav\u00e9s de una subvenci\u00f3n de la Consejer\u00eda de Transici\u00f3n Ecol\u00f3gica, Lucha contra el Cambio Clim\u00e1tico y Planificaci\u00f3n Territorial del Gobierno de Canarias (un total de 605.115 euros), y el resto procede de fondos propios del Ayuntamiento.<\/p>\n<p>Esta actuaci\u00f3n se suma a la estrategia municipal de impulso a las energ\u00edas renovables iniciada con la instalaci\u00f3n de las marquesinas fotovoltaicas de la Ciudad Deportiva Venancio Monz\u00f3n de San Isidro, inauguradas en enero de 2025, as\u00ed como a la planta fotovoltaica ubicada sobre la cubierta de las piscinas municipales. Con la incorporaci\u00f3n de la nueva instalaci\u00f3n del tanatorio municipal, el conjunto de estas infraestructuras (en la Ciudad Deportiva y el tanatorio) alcanzar\u00e1 una capacidad superior al medio megavatio de generaci\u00f3n el\u00e9ctrica mediante el aprovechamiento de la energ\u00eda solar, consolidando a G\u00e1ldar como uno de los municipios de Canarias con mayor apuesta por el autoconsumo energ\u00e9tico en sus instalaciones p\u00fablicas.<\/p>\n<p>El alcalde de la ciudad, Teodoro Sosa Monz\u00f3n, destac\u00f3 que \u00abesta infraestructura representa un paso m\u00e1s en el modelo de municipio que estamos construyendo, en el que cada inversi\u00f3n p\u00fablica debe contribuir tambi\u00e9n a reducir el consumo energ\u00e9tico, las emisiones y la factura el\u00e9ctrica municipal\u00bb. En este sentido, record\u00f3 que \u00abla sostenibilidad ya no es una opci\u00f3n, sino una obligaci\u00f3n que estamos incorporando de manera transversal en cada uno de los proyectos que ejecuta el Ayuntamiento\u00bb.<\/p>\n<p>Asimismo, el primer edil se\u00f1al\u00f3 que \u00abeste grupo de gobierno ha demostrado desde hace varios mandatos su compromiso con las energ\u00edas renovables y el gran proyecto es el parque e\u00f3lico de Botija, donde ya trabajamos en la instalaci\u00f3n de un tercer aerogenerador, con lo que el Ayuntamiento como instituci\u00f3n est\u00e1 generando tres megavatios de energ\u00eda que se est\u00e1n inyectando a la red para contribuir en esa descarbonizaci\u00f3n\u00bb.<\/p>\n<p>La viceconsejera de Transici\u00f3n Ecol\u00f3gica, Lucha contra el Cambio Clim\u00e1tico y Energ\u00eda del Gobierno de Canarias, Julieta Schallenberg, indic\u00f3 que \u00abla transici\u00f3n energ\u00e9tica tambi\u00e9n se construye desde los municipios y aprovechando infraestructuras que ya forman parte del d\u00eda a d\u00eda de la ciudadan\u00eda. Este tipo de actuaciones demuestra que es posible producir energ\u00eda limpia, reducir el consumo energ\u00e9tico y avanzar hacia un modelo m\u00e1s sostenible sin ocupar nuevo suelo\u00bb.<\/p>\n<p>La viceconsejera a\u00f1adi\u00f3 que \u00abla gesti\u00f3n de los fondos Next Generation EU por parte del Gobierno de Canarias est\u00e1 permitiendo que proyectos como este lleguen a los municipios y conviertan la financiaci\u00f3n europea en infraestructuras \u00fatiles, sostenibles y con un impacto directo en la vida de las personas.\u00bb <\/p>\n<p>Mientras, Ra\u00fal Garc\u00eda Brink, consejero de Medio Ambiente, Energ\u00eda y Clima del Cabildo de Gran Canaria, destac\u00f3 que \u00abG\u00e1ldar es un municipio maduro desde el punto se vista de la sostenibilidad y lo est\u00e1 demostrando. Estamos ante una instalaci\u00f3n antropizada, si adem\u00e1s podemos aportar energ\u00eda a los veh\u00edculos el\u00e9ctricos y con bater\u00edas de litio, es la cuadratura del c\u00edrculo\u00bb.<\/p>\n<p>Ulises Miranda Guerra, concejal de Medio Ambiente, explic\u00f3 que \u00abnadie puede decir que no estemos haciendo los deberes en cuanto a transici\u00f3n ecol\u00f3gica en G\u00e1ldar\u00bb. \u00abEsta es la primera instalaci\u00f3n fotovoltaica de las que tenemos que cuenta con almacenamiento con esas bater\u00edas de litio y ahora tenemos en el punto de mira otras seis instalaciones en las canchas deportivas en diferentes barrios\u00bb, a\u00f1adi\u00f3. <\/p>\n<p>Mariano Rodr\u00edguez Cabrera, director de obra, explic\u00f3 que la intervenci\u00f3n ha contemplado la ejecuci\u00f3n de una instalaci\u00f3n solar fotovoltaica de autoconsumo con vertido a red en una superficie total de 2.226 metros cuadrados, donde se ubica el aparcamiento anexo al tanatorio municipal, que cuenta con 85 plazas, seis de ellas para veh\u00edculos el\u00e9ctricos, con tres puntos de recarga. Esta infraestructura, adem\u00e1s de proporcionar sombra a los veh\u00edculos, permitir\u00e1 generar y almacenar energ\u00eda limpia para el consumo propio, a imagen y semejanza de la inversi\u00f3n culminada recientemente en el aparcamiento de la Ciudad Deportiva Venancio Monz\u00f3n de San Isidro.<\/p>\n<p>El sistema est\u00e1 compuesto por 534 m\u00f3dulos fotovoltaicos de 425 Wp de potencia, con una potencia pico instalada de 226,95 kWp y una potencia nominal de 200 kW. La instalaci\u00f3n se complementa con un sistema de acumulaci\u00f3n de energ\u00eda mediante bater\u00edas de litio con una capacidad de 400 kWh y una potencia de 200 kW. <\/p>\n<p>La obra se ha desarrollado con un presupuesto de 827.781 euros, financiados en un 85% (un total de 605.115 euros) a trav\u00e9s de una subvenci\u00f3n de la Consejer\u00eda de Transici\u00f3n Ecol\u00f3gica, Lucha contra el Cambio Clim\u00e1tico y Planificaci\u00f3n Territorial del Gobierno de Canarias por medio de la convocatoria de subvenciones para las ayudas destinadas al fomento de la generaci\u00f3n fotovoltaica en espacios antropizados, en el marco de la Estrategia de Energ\u00eda Sostenible en las Islas Canarias (Programa 8, L\u00ednea 1), con cargo al instrumento de financiaci\u00f3n europeo fondos \u201cNext Generation EU\u201d, del Plan de Recuperaci\u00f3n, Transformaci\u00f3n y Resiliencia (Componente 7, Inversi\u00f3n 2).<\/p>\n","protected":false},"excerpt":{"rendered":"<p>El Ayuntamiento de G\u00e1ldar, a trav\u00e9s de la Concejal\u00eda de Medio Ambiente, que dirige Ulises Miranda Guerra, inaugur\u00f3 este martes las nuevas marquesinas fotovoltaicas del aparcamiento del tanatorio municipal de&hellip;<\/p>\n","protected":false},"author":2,"featured_media":49,"comment_status":"open","ping_status":"open","sticky":false,"template":"","format":"standard","meta":{"wpai_generated_summary":"","wpai_meta_description":"","footnotes":""},"categories":[129],"tags":[],"class_list":["post-48","post","type-post","status-publish","format-standard","has-post-thumbnail","hentry","category-ayuntamiento-de-galdar"],"_links":{"self":[{"href":"https:\/\/nublo.tv\/index.php\/wp-json\/wp\/v2\/posts\/48","targetHints":{"allow":["GET"]}}],"collection":[{"href":"https:\/\/nublo.tv\/index.php\/wp-json\/wp\/v2\/posts"}],"about":[{"href":"https:\/\/nublo.tv\/index.php\/wp-json\/wp\/v2\/types\/post"}],"author":[{"embeddable":true,"href":"https:\/\/nublo.tv\/index.php\/wp-json\/wp\/v2\/users\/2"}],"replies":[{"embeddable":true,"href":"https:\/\/nublo.tv\/index.php\/wp-json\/wp\/v2\/comments?post=48"}],"version-history":[{"count":1,"href":"https:\/\/nublo.tv\/index.php\/wp-json\/wp\/v2\/posts\/48\/revisions"}],"predecessor-version":[{"id":544,"href":"https:\/\/nublo.tv\/index.php\/wp-json\/wp\/v2\/posts\/48\/revisions\/544"}],"wp:featuredmedia":[{"embeddable":true,"href":"https:\/\/nublo.tv\/index.php\/wp-json\/wp\/v2\/media\/49"}],"wp:attachment":[{"href":"https:\/\/nublo.tv\/index.php\/wp-json\/wp\/v2\/media?parent=48"}],"wp:term":[{"taxonomy":"category","embeddable":true,"href":"https:\/\/nublo.tv\/index.php\/wp-json\/wp\/v2\/categories?post=48"},{"taxonomy":"post_tag","embeddable":true,"href":"https:\/\/nublo.tv\/index.php\/wp-json\/wp\/v2\/tags?post=48"}],"curies":[{"name":"wp","href":"https:\/\/api.w.org\/{rel}","templated":true}]}}