{"id":4803,"date":"2026-08-19T19:51:43","date_gmt":"2026-08-19T18:51:43","guid":{"rendered":"https:\/\/nublo.tv\/?p=4803"},"modified":"2026-08-27T12:35:28","modified_gmt":"2026-08-27T11:35:28","slug":"caideros-acogera-este-viernes-un-ejercicio-de-prevencion-ante-incendios-de-interfaz","status":"publish","type":"post","link":"https:\/\/nublo.tv\/index.php\/2026\/08\/19\/caideros-acogera-este-viernes-un-ejercicio-de-prevencion-ante-incendios-de-interfaz\/","title":{"rendered":"Caideros acoger\u00e1 este viernes un ejercicio de prevenci\u00f3n ante incendios de interfaz"},"content":{"rendered":"<p>El barrio de Caideros, en las median\u00edas de G\u00e1ldar, acoger\u00e1 este viernes 21 de agosto, de 9.30 a 12.30 horas, un ejercicio de prevenci\u00f3n ante el riesgo de incendios de interfaz, en el marco de las estrategias que se est\u00e1n desarrollando en diferentes municipios de la isla con zonas susceptibles de verse afectadas por este tipo de emergencias.<\/p>\n<p>La actividad contar\u00e1 con la participaci\u00f3n de los Bomberos Forestales de la Consejer\u00eda de Medio Ambiente del Cabildo de Gran Canaria, una unidad PRESA, agentes de Medio Ambiente, la Agrupaci\u00f3n de Protecci\u00f3n Civil de G\u00e1ldar, medios municipales y vecinos de Caideros y de n\u00facleos pr\u00f3ximos. Asimismo, si las condiciones meteorol\u00f3gicas lo permiten, participar\u00e1n los dos helic\u00f3pteros con base en Artenara, que aterrizar\u00e1n en el campo de f\u00fatbol de Caideros, previa autorizaci\u00f3n del Ayuntamiento de G\u00e1ldar.<\/p>\n<p>El objetivo de la jornada es reforzar la prevenci\u00f3n y facilitar el intercambio de informaci\u00f3n entre los servicios de emergencia, las administraciones y la poblaci\u00f3n. Los Bomberos Forestales ofrecer\u00e1n recomendaciones sobre las medidas preventivas que pueden adoptar los vecinos en el entorno de sus viviendas y sobre c\u00f3mo actuar ante una posible emergencia por incendio.<\/p>\n<p>La jornada permitir\u00e1 adem\u00e1s que los vecinos trasladen sus dudas a los responsables y t\u00e9cnicos participantes sobre cuestiones como la vegetaci\u00f3n pr\u00f3xima a sus viviendas, la limpieza de parcelas o las posibles dificultades de evacuaci\u00f3n y confinamiento en caso de incendio.<\/p>\n<p>La elecci\u00f3n de Caideros responde a la identificaci\u00f3n de este entorno como uno de los puntos del municipio con mayor riesgo de incendios de interfaz, debido a la proximidad entre viviendas y zonas con vegetaci\u00f3n. En particular, preocupa la presencia de ca\u00f1averales en las zonas de entrada y salida del barrio y en las proximidades de viviendas, una circunstancia que puede dificultar tanto una eventual evacuaci\u00f3n como el confinamiento de la poblaci\u00f3n.<\/p>\n<p>Por ello, durante el ejercicio se abordar\u00e1 tambi\u00e9n la planificaci\u00f3n ante una posible emergencia, incluyendo aspectos como las alternativas de evacuaci\u00f3n, las zonas de confinamiento y la coordinaci\u00f3n entre los diferentes servicios de emergencia.<\/p>\n<p>Desde Protecci\u00f3n Civil de G\u00e1ldar se se\u00f1ala que no se trata de un ejercicio pr\u00e1ctico de extinci\u00f3n de incendios, sino de una jornada fundamentalmente informativa y preventiva, orientada a que administraciones, servicios de emergencia y ciudadan\u00eda conozcan mejor el entorno y puedan mejorar su preparaci\u00f3n ante una eventual situaci\u00f3n de riesgo.<\/p>\n<p>La iniciativa forma parte de una estrategia que el Cabildo de Gran Canaria est\u00e1 desarrollando en diferentes municipios con riesgo de incendios de interfaz y mantiene abierta la posibilidad de participaci\u00f3n de agrupaciones de Protecci\u00f3n Civil de otros municipios.<\/p>\n<p>El Ayuntamiento de G\u00e1ldar anima a los vecinos de Caideros y de los n\u00facleos cercanos a acercarse durante la ma\u00f1ana del viernes al campo de f\u00fatbol de Caideros para participar en esta jornada y conocer de primera mano las principales medidas de prevenci\u00f3n y actuaci\u00f3n ante un posible incendio.<\/p>\n","protected":false},"excerpt":{"rendered":"<p>El barrio de Caideros, en las median\u00edas de G\u00e1ldar, acoger\u00e1 este viernes 21 de agosto, de 9.30 a 12.30 horas, un ejercicio de prevenci\u00f3n ante el riesgo de incendios de&hellip;<\/p>\n","protected":false},"author":1,"featured_media":4807,"comment_status":"open","ping_status":"open","sticky":false,"template":"","format":"standard","meta":{"wpai_generated_summary":"","wpai_meta_description":"","footnotes":""},"categories":[129],"tags":[],"class_list":["post-4803","post","type-post","status-publish","format-standard","has-post-thumbnail","hentry","category-ayuntamiento-de-galdar"],"_links":{"self":[{"href":"https:\/\/nublo.tv\/index.php\/wp-json\/wp\/v2\/posts\/4803","targetHints":{"allow":["GET"]}}],"collection":[{"href":"https:\/\/nublo.tv\/index.php\/wp-json\/wp\/v2\/posts"}],"about":[{"href":"https:\/\/nublo.tv\/index.php\/wp-json\/wp\/v2\/types\/post"}],"author":[{"embeddable":true,"href":"https:\/\/nublo.tv\/index.php\/wp-json\/wp\/v2\/users\/1"}],"replies":[{"embeddable":true,"href":"https:\/\/nublo.tv\/index.php\/wp-json\/wp\/v2\/comments?post=4803"}],"version-history":[{"count":1,"href":"https:\/\/nublo.tv\/index.php\/wp-json\/wp\/v2\/posts\/4803\/revisions"}],"predecessor-version":[{"id":4806,"href":"https:\/\/nublo.tv\/index.php\/wp-json\/wp\/v2\/posts\/4803\/revisions\/4806"}],"wp:featuredmedia":[{"embeddable":true,"href":"https:\/\/nublo.tv\/index.php\/wp-json\/wp\/v2\/media\/4807"}],"wp:attachment":[{"href":"https:\/\/nublo.tv\/index.php\/wp-json\/wp\/v2\/media?parent=4803"}],"wp:term":[{"taxonomy":"category","embeddable":true,"href":"https:\/\/nublo.tv\/index.php\/wp-json\/wp\/v2\/categories?post=4803"},{"taxonomy":"post_tag","embeddable":true,"href":"https:\/\/nublo.tv\/index.php\/wp-json\/wp\/v2\/tags?post=4803"}],"curies":[{"name":"wp","href":"https:\/\/api.w.org\/{rel}","templated":true}]}}