{"id":4809,"date":"2026-08-19T23:13:22","date_gmt":"2026-08-19T22:13:22","guid":{"rendered":"https:\/\/nublo.tv\/?p=4809"},"modified":"2026-08-19T23:42:09","modified_gmt":"2026-08-19T22:42:09","slug":"barrial-reconoce-la-trayectoria-de-lali-la-panadera-una-mujer-vinculada-durante-mas-de-40-anos-a-la-escala-en-hi-fi","status":"publish","type":"post","link":"https:\/\/nublo.tv\/index.php\/2026\/08\/19\/barrial-reconoce-la-trayectoria-de-lali-la-panadera-una-mujer-vinculada-durante-mas-de-40-anos-a-la-escala-en-hi-fi\/","title":{"rendered":"Barrial reconoce la trayectoria de Lali la Panadera, una mujer vinculada durante m\u00e1s de 40 a\u00f1os a la Escala en Hi-Fi"},"content":{"rendered":"\r\n<p class=\"wp-block-paragraph\"><\/p>\r\n\r\n\r\n\r\n<p class=\"wp-block-paragraph\">La plaza Jos\u00e9 Rodr\u00edguez Quintana de Barrial acogi\u00f3 en la noche de este mi\u00e9rcoles una nueva jornada de Escala en Hi-Fi, protagonizada por los grupos Las Divinas, de G\u00e1ldar, y Tamadaba, de Agaete. Entre ambos grupos art\u00edsticos reunieron sobre las tablas a 15 artistas que, a trav\u00e9s de sus caracterizaciones e interpretaciones, hicieron viajar al p\u00fablico por diferentes \u00e9pocas y estilos musicales. Por el escenario pasaron, entre otros, Paloma San Basilio, Luis Fonsi, Roc\u00edo Jurado, Perlita de Huelva, Marisela y Marco Antonio Sol\u00eds, ofreciendo una noche cargada de m\u00fasica, recuerdos y mucho espect\u00e1culo.<\/p>\r\n\r\n\r\n\r\n<p class=\"wp-block-paragraph\">El acto estuvo presentado por Andrea Garc\u00eda Fleitas, que se ha convertido ya en una de las presentadoras habituales de las actividades que se celebran en Barrial, poniendo una vez m\u00e1s su cercan\u00eda y profesionalidad al servicio de una noche especialmente emotiva. Durante la velada tambi\u00e9n hubo espacio para el reconocimiento a una mujer muy vinculada a la historia de Barrial y, especialmente, al mundo de la Escala en Hi-Fi: Candelaria Quesada Montesdeoca, conocida cari\u00f1osamente como Lali la Panadera.<\/p>\r\n\r\n\r\n\r\n<p class=\"wp-block-paragraph\">Lali trabaj\u00f3 junto a su familia en la Panader\u00eda de Cipriano, situada en el barrio de La Monta\u00f1a de G\u00e1ldar, pero su trayectoria ha trascendido con mucho su profesi\u00f3n. En Barrial todos la conocemos por la estrecha vinculaci\u00f3n que ha mantenido con nuestro barrio desde las d\u00e9cadas de los a\u00f1os 80 y 90, cuando acud\u00eda a\u00f1o tras a\u00f1o a los carnavales que aqu\u00ed se organizaban. Su presencia era habitual en los bailes de pi\u00f1ata, en los pases de modelos y en los tradicionales bailes de viudas, convirti\u00e9ndose en una de esas personas que forman parte de la memoria colectiva de las fiestas de Barrial. Lleg\u00f3 incluso a ser pregonera del Carnaval de Barrial en los a\u00f1os 90, compartiendo aquella responsabilidad con Francisco Guzm\u00e1n Castillo, conocido popularmente como Paco el Carnavalero.<\/p>\r\n\r\n\r\n\r\n<p class=\"wp-block-paragraph\">Pero si existe una actividad que ha marcado especialmente la trayectoria de Lali es la Escala en Hi-Fi. Desde que comenzaron a celebrarse en Barrial este tipo de espect\u00e1culos, Lali participaba interpretando temas de artistas como Roc\u00edo D\u00farcal o Lola Flores. Su talento para meterse en la piel de aquellos artistas hizo que se ganara el cari\u00f1o y el reconocimiento de quienes disfrutaban de aquellas galas. Tal era su vinculaci\u00f3n con la Escala en Hi-Fi que, cuando se form\u00f3 el primer grupo de este g\u00e9nero en Barrial, Lali fue invitada especial de aquella gala. Y cuando, hace aproximadamente diez a\u00f1os, se recuper\u00f3 nuevamente la Escala en Hi-Fi en nuestro barrio, volvi\u00f3 a ser la primera persona invitada a participar.<\/p>\r\n\r\n\r\n\r\n<p class=\"wp-block-paragraph\">Su pasi\u00f3n por este mundo la llev\u00f3 tambi\u00e9n a presidir en su momento el grupo Las Eternas Estrellas de La Monta\u00f1a de G\u00e1ldar, porque no hab\u00eda un 12 de octubre en el que Lali no estrenara un nuevo traje para participar en la Escala en Hi-Fi de La Monta\u00f1a. Su compromiso con el movimiento vecinal tampoco puede quedar al margen. Fue una de las mujeres que trabaj\u00f3 incansablemente como vicepresidenta de la Asociaci\u00f3n de Vecinos Nuestra Se\u00f1ora de F\u00e1tima y tambi\u00e9n ha sido pregonera del Carnaval de G\u00e1ldar.<\/p>\r\n\r\n\r\n\r\n<p class=\"wp-block-paragraph\">Y junto a todo ello est\u00e1 su faceta profesional como panadera. Sus grandes bollos, sus ricos chocolates y sus grandes queques han estado presentes en las fiestas de numerosos barrios que, durante a\u00f1os, contaron con su colaboraci\u00f3n y generosidad. Por todo ello, Lali ha sido una mujer vinculada a la cultura popular, a las fiestas y, especialmente, al movimiento vecinal, con una trayectoria de m\u00e1s de 40 a\u00f1os participando en las Escala en Hi-Fi y dejando su huella all\u00ed donde ha estado.<\/p>\r\n\r\n\r\n\r\n<p class=\"wp-block-paragraph\">El presidente de la Asociaci\u00f3n de Vecinos Amagro, Pepe Garc\u00eda, quiso poner en valor durante el reconocimiento la figura de Lali y todo lo que representa para la historia festiva y vecinal de Barrial. Garc\u00eda destac\u00f3 que Lali es una de esas personas que forman parte de la historia viva de los barrios y que hablar de ella es hablar de fiesta, de Escala en Hi-Fi, de Carnaval, de movimiento vecinal y, sobre todo, de una mujer que siempre ha estado dispuesta a colaborar y aportar all\u00ed donde se la necesitaba. El presidente de la entidad se\u00f1al\u00f3 adem\u00e1s que Barrial tiene una memoria que no se puede perder y que una de las obligaciones de la asociaci\u00f3n es reconocer a aquellas personas que durante d\u00e9cadas han ayudado a construirla, poniendo en valor que Lali ha estado vinculada al barrio durante much\u00edsimos a\u00f1os y ha dejado una huella que permanece en el recuerdo de muchas generaciones.<\/p>\r\n\r\n\r\n\r\n<p class=\"wp-block-paragraph\">Pepe Garc\u00eda quiso remarcar tambi\u00e9n que el reconocimiento no se debe \u00fanicamente a sus m\u00e1s de 40 a\u00f1os de trayectoria en la Escala en Hi-Fi, sino a todo lo que hay detr\u00e1s de esos a\u00f1os: su participaci\u00f3n en los carnavales, su colaboraci\u00f3n con el movimiento vecinal, su trabajo, su generosidad y el cari\u00f1o que siempre ha demostrado por Barrial.<\/p>\r\n\r\n\r\n\r\n<p class=\"wp-block-paragraph\">El grupo Las Divinas tambi\u00e9n quiso sumarse al reconocimiento y dedicar unas palabras a Lali, destacando especialmente su generosidad, su ayuda y su permanente disposici\u00f3n a compartir todo aquello que sab\u00eda con quienes se acercaban al mundo de la Escala en Hi-Fi. Las integrantes del grupo reconocieron que Lali ha sido una verdadera maestra para todas ellas, no solo por su experiencia sobre los escenarios, sino tambi\u00e9n por todo lo que les ha ense\u00f1ado a lo largo de los a\u00f1os. Destacaron que detr\u00e1s de cada traje, cada actuaci\u00f3n y cada personaje interpretado por Lali siempre ha existido una mujer dispuesta a echar una mano, aconsejar y ayudar, convirti\u00e9ndose en una referencia para quienes han continuado manteniendo viva esta tradici\u00f3n.<\/p>\r\n\r\n\r\n\r\n<p class=\"wp-block-paragraph\">Tambi\u00e9n quiso sumarse al reconocimiento Antonio Mar\u00eda Ben\u00edtez, quien traslad\u00f3 a Lali la felicitaci\u00f3n de la Corporaci\u00f3n Municipal y quiso compartir con el p\u00fablico algunos recuerdos y vivencias que ha mantenido junto a ella a lo largo de los a\u00f1os. Antonio record\u00f3 con especial cari\u00f1o aquellos carnavales que compartieron, as\u00ed como las ocasiones en las que Lali se encargaba de prepararle la ropa para sus actuaciones. Una tarea que, como record\u00f3 entre risas, no siempre resultaba sencilla, especialmente porque Antonio parece que por aquella \u00e9poca tampoco terminaba de bajar de peso, por lo que cada nueva ocasi\u00f3n supon\u00eda para Lali todo un reto a la hora de preparar y ajustar la vestimenta. La an\u00e9cdota provoc\u00f3 las sonrisas del p\u00fablico y sirvi\u00f3 para recordar la cercan\u00eda, la complicidad y la amistad que han unido a ambos durante tantos a\u00f1os.<\/p>\r\n\r\n\r\n\r\n<p class=\"wp-block-paragraph\">Lali, visiblemente emocionada pero con el \u00e1nimo y la fuerza que siempre la han caracterizado, quiso agradecer de coraz\u00f3n el reconocimiento recibido y las numerosas muestras de cari\u00f1o que le llegaron desde el escenario y desde una plaza Jos\u00e9 Rodr\u00edguez Quintana completamente entregada a su figura. Con palabras cargadas de emoci\u00f3n, dej\u00f3 adem\u00e1s un claro mensaje de fortaleza y determinaci\u00f3n, asegurando que no piensa hundirse y que continuar\u00e1 luchando, dejando patente que, pese a las dificultades, mantiene intactas sus ganas de seguir adelante.<\/p>\r\n\r\n\r\n\r\n<p class=\"wp-block-paragraph\">En otro de los momentos especialmente emotivos de la noche, el p\u00fablico quiso demostrarle una vez m\u00e1s todo su cari\u00f1o y reconocimiento. La plaza Jos\u00e9 Rodr\u00edguez Quintana se puso en pie para dedicarle una larga ovaci\u00f3n, un gesto que emocion\u00f3 a Lali y que reflej\u00f3 el enorme afecto que Barrial siente por ella despu\u00e9s de tantos a\u00f1os de participaci\u00f3n, entrega y generosidad.<\/p>\r\n\r\n\r\n\r\n<p class=\"wp-block-paragraph\">Aquel aplauso termin\u00f3 convirti\u00e9ndose en uno de los momentos m\u00e1s especiales de la noche y sirvi\u00f3 para poner de manifiesto que el reconocimiento a Lali iba mucho m\u00e1s all\u00e1 de su trayectoria en la Escala en Hi-Fi. Era el reconocimiento a una mujer que durante d\u00e9cadas ha formado parte de la vida festiva y vecinal de G\u00e1ldar y que ha dejado una huella muy especial en quienes han tenido la oportunidad de compartir camino con ella.<\/p>\r\n\r\n\r\n\r\n<p class=\"wp-block-paragraph\">Por todo ello, hablar de Lali la Panadera es hablar de m\u00e1s de cuatro d\u00e9cadas de historia, de escenarios, de carnavales, de fiestas y de movimiento vecinal, pero sobre todo es hablar de una mujer que ha sabido estar siempre al lado de los dem\u00e1s, ofreciendo su tiempo, su trabajo, su generosidad y una mano tendida cada vez que alguien la necesitaba. Esta noche Barrial no quiso reconocer solamente a la artista, a la panadera o a la mujer vinculada al movimiento vecinal, quiso reconocer a la persona, a esa mujer que ha dejado parte de su vida en cada fiesta, en cada carnaval, en cada Escala en Hi-Fi y en cada lugar donde alguien necesit\u00f3 de ella.<\/p>\r\n\r\n\r\n\r\n<p class=\"wp-block-paragraph\">Las luces de la plaza volver\u00e1n a apagarse, las fiestas terminar\u00e1n y los escenarios quedar\u00e1n vac\u00edos, pero hay personas que consiguen que su historia permanezca mucho despu\u00e9s de que termine la \u00faltima canci\u00f3n. Lali es una de ellas. Su huella est\u00e1 en cada carnaval, en cada traje, en cada canci\u00f3n, en cada gesto de generosidad y en cada recuerdo que esta noche volvi\u00f3 a hacerse presente en la plaza Jos\u00e9 Rodr\u00edguez Quintana.<\/p>\r\n\r\n\r\n\r\n<p class=\"wp-block-paragraph\"><\/p>\r\n","protected":false},"excerpt":{"rendered":"<p>La plaza Jos\u00e9 Rodr\u00edguez Quintana de Barrial acogi\u00f3 en la noche de este mi\u00e9rcoles una nueva jornada de Escala en Hi-Fi, protagonizada por los grupos Las Divinas, de G\u00e1ldar, y Tamadaba, de Agaete. Entre ambos grupos art\u00edsticos reunieron sobre las tablas a 15 artistas que, a trav\u00e9s de sus caracterizaciones e interpretaciones, hicieron viajar al [&hellip;]<\/p>\n","protected":false},"author":50,"featured_media":4810,"comment_status":"open","ping_status":"open","sticky":false,"template":"","format":"standard","meta":{"wpai_generated_summary":"","wpai_meta_description":"","footnotes":""},"categories":[153],"tags":[],"class_list":["post-4809","post","type-post","status-publish","format-standard","has-post-thumbnail","hentry","category-galdar"],"_links":{"self":[{"href":"https:\/\/nublo.tv\/index.php\/wp-json\/wp\/v2\/posts\/4809","targetHints":{"allow":["GET"]}}],"collection":[{"href":"https:\/\/nublo.tv\/index.php\/wp-json\/wp\/v2\/posts"}],"about":[{"href":"https:\/\/nublo.tv\/index.php\/wp-json\/wp\/v2\/types\/post"}],"author":[{"embeddable":true,"href":"https:\/\/nublo.tv\/index.php\/wp-json\/wp\/v2\/users\/50"}],"replies":[{"embeddable":true,"href":"https:\/\/nublo.tv\/index.php\/wp-json\/wp\/v2\/comments?post=4809"}],"version-history":[{"count":1,"href":"https:\/\/nublo.tv\/index.php\/wp-json\/wp\/v2\/posts\/4809\/revisions"}],"predecessor-version":[{"id":4811,"href":"https:\/\/nublo.tv\/index.php\/wp-json\/wp\/v2\/posts\/4809\/revisions\/4811"}],"wp:featuredmedia":[{"embeddable":true,"href":"https:\/\/nublo.tv\/index.php\/wp-json\/wp\/v2\/media\/4810"}],"wp:attachment":[{"href":"https:\/\/nublo.tv\/index.php\/wp-json\/wp\/v2\/media?parent=4809"}],"wp:term":[{"taxonomy":"category","embeddable":true,"href":"https:\/\/nublo.tv\/index.php\/wp-json\/wp\/v2\/categories?post=4809"},{"taxonomy":"post_tag","embeddable":true,"href":"https:\/\/nublo.tv\/index.php\/wp-json\/wp\/v2\/tags?post=4809"}],"curies":[{"name":"wp","href":"https:\/\/api.w.org\/{rel}","templated":true}]}}