{"id":4830,"date":"2026-08-20T01:39:52","date_gmt":"2026-08-20T00:39:52","guid":{"rendered":"https:\/\/nublo.tv\/?p=4830"},"modified":"2026-08-20T01:46:09","modified_gmt":"2026-08-20T00:46:09","slug":"comunicado-san-bartolome-de-tirajana-resuelve-las-incidencias-ocasionadas-por-el-servicio-de-recogida-de-envases-y-papel-carton","status":"publish","type":"post","link":"https:\/\/nublo.tv\/index.php\/2026\/08\/20\/comunicado-san-bartolome-de-tirajana-resuelve-las-incidencias-ocasionadas-por-el-servicio-de-recogida-de-envases-y-papel-carton\/","title":{"rendered":"COMUNICADO &#8211; San Bartolom\u00e9 de Tirajana resuelve las incidencias ocasionadas por el servicio de recogida de envases y papel-cart\u00f3n"},"content":{"rendered":"<p>El Ayuntamiento de San Bartolom\u00e9 de Tirajana en coordinaci\u00f3n con la empresa Ayagaures, responsable del servicio de recogida de envases y papel-cart\u00f3n en el municipio, ha reforzado la recogida de envases ligeros y papel-cart\u00f3n tras las incidencias registradas durante los primeros d\u00edas de agosto. A d\u00eda de hoy, el 90% de las incidencias detectadas ya han sido solventadas.<\/p>\n<p>La situaci\u00f3n se produjo por la coincidencia de la aver\u00eda de uno de los camiones destinados al servicio y el incremento de la generaci\u00f3n de residuos asociado a la mayor afluencia tur\u00edstica durante el mes de agosto, lo que ocasion\u00f3 acumulaciones puntuales junto a algunos contenedores en zonas tur\u00edsticas y residenciales del municipio.<\/p>\n<p>Para recuperar las frecuencias de recogida y retirar las acumulaciones, se han incorporado al dispositivo dos camiones recolectores, adem\u00e1s de un veh\u00edculo sat\u00e9lite destinado espec\u00edficamente a atender los rebosos que puedan producirse. Este refuerzo se mantendr\u00e1 hasta septiembre con el objetivo de adaptar los medios disponibles al incremento de residuos que se registra durante este periodo y garantizar una respuesta m\u00e1s \u00e1gil ante posibles incidencias.<\/p>\n<p>El ayuntamiento continuar\u00e1 realizando el seguimiento del servicio junto a la empresa para completar la resoluci\u00f3n de las incidencias pendientes y mantener la normalidad en la recogida de ambas fracciones.<\/p>\n","protected":false},"excerpt":{"rendered":"<p>Este sitio web utiliza cookies y tecnolog\u00edas similares. Se agrupan en categor\u00edas, que puedes revisar y gestionar a continuaci\u00f3n. Si has aceptado alguna cookie no esencial, puedes cambiar tus preferencias&hellip;<\/p>\n","protected":false},"author":1,"featured_media":4862,"comment_status":"open","ping_status":"open","sticky":false,"template":"","format":"standard","meta":{"wpai_generated_summary":"","wpai_meta_description":"","footnotes":""},"categories":[135],"tags":[],"class_list":["post-4830","post","type-post","status-publish","format-standard","has-post-thumbnail","hentry","category-ayuntamiento-de-san-bartolome-de-tirajana"],"_links":{"self":[{"href":"https:\/\/nublo.tv\/index.php\/wp-json\/wp\/v2\/posts\/4830","targetHints":{"allow":["GET"]}}],"collection":[{"href":"https:\/\/nublo.tv\/index.php\/wp-json\/wp\/v2\/posts"}],"about":[{"href":"https:\/\/nublo.tv\/index.php\/wp-json\/wp\/v2\/types\/post"}],"author":[{"embeddable":true,"href":"https:\/\/nublo.tv\/index.php\/wp-json\/wp\/v2\/users\/1"}],"replies":[{"embeddable":true,"href":"https:\/\/nublo.tv\/index.php\/wp-json\/wp\/v2\/comments?post=4830"}],"version-history":[{"count":2,"href":"https:\/\/nublo.tv\/index.php\/wp-json\/wp\/v2\/posts\/4830\/revisions"}],"predecessor-version":[{"id":4861,"href":"https:\/\/nublo.tv\/index.php\/wp-json\/wp\/v2\/posts\/4830\/revisions\/4861"}],"wp:featuredmedia":[{"embeddable":true,"href":"https:\/\/nublo.tv\/index.php\/wp-json\/wp\/v2\/media\/4862"}],"wp:attachment":[{"href":"https:\/\/nublo.tv\/index.php\/wp-json\/wp\/v2\/media?parent=4830"}],"wp:term":[{"taxonomy":"category","embeddable":true,"href":"https:\/\/nublo.tv\/index.php\/wp-json\/wp\/v2\/categories?post=4830"},{"taxonomy":"post_tag","embeddable":true,"href":"https:\/\/nublo.tv\/index.php\/wp-json\/wp\/v2\/tags?post=4830"}],"curies":[{"name":"wp","href":"https:\/\/api.w.org\/{rel}","templated":true}]}}