{"id":4864,"date":"2026-08-20T08:37:25","date_gmt":"2026-08-20T07:37:25","guid":{"rendered":"https:\/\/nublo.tv\/?p=4864"},"modified":"2026-08-27T12:35:28","modified_gmt":"2026-08-27T11:35:28","slug":"orgullo-de-barrio-transforma-schamann-en-un-espacio-de-creacion-artistica-y-mediacion-cultural","status":"publish","type":"post","link":"https:\/\/nublo.tv\/index.php\/2026\/08\/20\/orgullo-de-barrio-transforma-schamann-en-un-espacio-de-creacion-artistica-y-mediacion-cultural\/","title":{"rendered":"\u00abOrgullo de barrio\u00bb transforma Schamann en un espacio de creaci\u00f3n art\u00edstica y mediaci\u00f3n cultural"},"content":{"rendered":"<div class=\"image col-sm-6 pull-right\">\n<div class=\"saga-imagen \">\n\t\t<a href=\"\/export\/sites\/laspalmasgc\/.galleries\/imagenes-noticias-2026\/PRESENTACION-CALLES-CON-ARTE-SCHAMANN-20260819.png\" title=\"\u00abOrgullo de barrio\u00bb transforma Schamann en un espacio de creaci\u00f3n art\u00edstica y mediaci\u00f3n cultural\" class=\"wrapper-image zoom-filter \"><br \/>\n\t\t\t\t\t<span class=\"sr-only\">Ampliar imagen<\/span><\/p>\n<div class=\"overlay-zoom\">\n\t\t\t\t\t\t<img loading=\"lazy\" decoding=\"async\" class=\"img-responsive\" src=\"\/export\/sites\/laspalmasgc\/.galleries\/imagenes-noticias-2026\/PRESENTACION-CALLES-CON-ARTE-SCHAMANN-20260819.png_513066471.png\" width=\"900\" height=\"600\" alt=\"\u00abOrgullo de barrio\u00bb transforma Schamann en un espacio de creaci\u00f3n art\u00edstica y mediaci\u00f3n cultural\"><\/p>\n<div class=\"zoom-icon\">\n\t                    \t<span class=\"fa fa-search-plus\" aria-hidden=\"true\"><\/span>\n\t                    <\/div>\n<\/p><\/div>\n<p>\t\t\t\t<\/a>\n\t\t\t<\/div>\n<\/p><\/div>\n<div class=\"container-fluid\">\n<p>La alcaldesa de Las Palmas de Gran Canaria, Carolina Darias, y el concejal de Cultura, Josu\u00e9 \u00cd\u00f1iguez, artistas e investigadora implicados han presentado esta iniciativa que crear\u00e1 una ruta de arte urbano basada en la obra de Benito P\u00e9rez Gald\u00f3s<\/p>\n<p>A trav\u00e9s de este proyecto, se van a hacer en el barrio ocho murales de gran formato de distintos artistas y estilos que reinterpretar\u00e1n ocho personajes de la obra galdosiana<\/p>\n<p>Las Palmas de Gran Canaria, mi\u00e9rcoles 19 de agosto de 2026. El callejero de Schamann volver\u00e1 a ser honrado con la presencia de los emblem\u00e1ticos personajes de la obra de Benito P\u00e9rez Gald\u00f3s. No solo los que desde los a\u00f1os 50 del siglo pasado dan nombre a sus calles, sino tambi\u00e9n con nuevas creaciones art\u00edsticas que interpelar\u00e1n al vecindario y a quienes lo visiten.\u00a0<\/p>\n<p>\u00abOrgullo de barrio. Arte a pie de calle\u00bb y \u00abGald\u00f3s expandido\u00bb se integran en la propuesta estrella de la nueva edici\u00f3n de \u00abCalles con Arte\u00bb, iniciativa que convierte los barrios en galer\u00edas al aire libre y que ya ha convocado al talento de Las Alcaravaneras y La Isleta.<\/p>\n<p>La alcaldesa de la ciudad, Carolina Darias, y el concejal de Cultura, Josu\u00e9 \u00cd\u00f1iguez, presentaron este mi\u00e9rcoles este proyecto en el Parque Don Benito, donde tambi\u00e9n han estado presentes varios de los creadores, entre los que tom\u00f3 la palabra la artista catalana afincada en el municipio Elisa Capdevila, y la autora de la propuesta de mediaci\u00f3n cultural \u00abGald\u00f3s expandido\u00bb que complementa la acci\u00f3n, Salvadora Luj\u00e1n-Ram\u00f3n.<\/p>\n<p>Durante la presentaci\u00f3n se han ofrecido detalles de un ambicioso proyecto que no solo mostrar\u00e1 las intervenciones, que se extender\u00e1n por la calle Zaragoza, desde el Can\u00f3dromo hasta la calle Pedro Infinito, sino que tambi\u00e9n interpelar\u00e1 al paseante a trav\u00e9s de c\u00f3digos QR incorporados a las mismas. Estos recursos permitir\u00e1n establecer conexiones y poner en contexto la herencia literaria universal con la realidad contempor\u00e1nea de los vecinos y vecinas.<\/p>\n<p>\u00abOrgullo de barrio. Arte a pie de calle\u00bb refleja que \u201cuna ciudad se construye en sus barrios, en sus calles, en sus plazas y, sobre todo, en las historias de las personas que los habitan\u201d, apunt\u00f3 la alcaldesa Darias al principio de una intervenci\u00f3n que redund\u00f3 en la pertinencia de una iniciativa que \u201cpretende reivindicar y recordar a Gald\u00f3s, al tiempo que aspira a demostrar que su mirada sigue siendo \u00fatil para comprender nuestro presente\u201d.<\/p>\n<p>El proyecto comenzar\u00e1 a ser una realidad en los pr\u00f3ximos d\u00edas, ya que est\u00e1 previsto que la intervenci\u00f3n art\u00edstica comience la pr\u00f3xima semana con la gestaci\u00f3n de los dise\u00f1os sobre los que ocho creadores y creadoras llevan tiempo trabajando. \u00a0La mencionada Elisa Capdevila, al frente de Tristana; el canario con proyecci\u00f3n internacional Dani Hache, autor de Don Benito P\u00e9rez Gald\u00f3s; la gallega Lidia Cao, que firmar\u00e1 la obra dedicada a Marianela; la tambi\u00e9n grancanaria Irene Le\u00f3n, quien plantar\u00e1 su sello a la hora de reproducir al tierno Felip\u00edn de El Doctor Centeno; Felo Monz\u00f3n y Tono Cruz, colectivo CNFS (Confusi\u00f3n), que pondr\u00e1n su impronta a Fortunata y Jacinta; la artista urbana barcelonesa Alba Fabre, con una recreaci\u00f3n de Miau, la tambi\u00e9n canaria Irene Morales, que dedicar\u00e1 su creaci\u00f3n a la dulce Benina de Misericordia; y Ad\u00e1n P\u00e9rez, popular con el tag de NADA, responsable de ilustrar Electra, pondr\u00e1n su talento en la calle Zaragoza, del Can\u00f3dromo a la calle Pedro Infinito, en un recorrido que, seg\u00fan lo explicado, \u201cdignifica el espacio p\u00fablico, pone en valor la identidad y la riqueza del relato vecinal, otorga protagonismo al ciudadano como esencia del proyecto y reivindica el barrio como espacio para la contemplaci\u00f3n, la reflexi\u00f3n y la memoria colectiva\u201d.\u00a0<\/p>\n<p>Estos son los pilares de una propuesta que se integra en \u00abLa rebeli\u00f3n de la geograf\u00eda\u00bb, lema que acompa\u00f1a la candidatura de Las Palmas de Gran Canaria en su carrera por ser Capital Europea de la Cultura en 2031 y que, a trav\u00e9s del trabajo de Salvadora Luj\u00e1n-Ram\u00f3n, invita a conversar con el legado de Gald\u00f3s. \u00a0Sobre la conexi\u00f3n se pronunci\u00f3 Darias, porque, para ella, \u201chablamos de una ciudad que entiende su patrimonio como algo vivo. Una ciudad que no se limita a conservar lo que recibi\u00f3, sino que lo activa, lo comparte y lo proyecta hacia el futuro\u201d.<\/p>\n<p>El concejal de Cultura, Josu\u00e9 \u00cd\u00f1iguez, al hablar de los dos a\u00f1os que el Ayuntamiento lleva trabajando en esta apuesta, quiso reconocer la implicaci\u00f3n y la importancia de la vecindad: \u201clos vecinos y las vecinas de Schamann son parte de este proceso. Porque cuando nace un proyecto que hemos denominado \u00abOrgullo de barrio. Arte a pie de calle\u00bb, solo tiene sentido si lo hacemos as\u00ed en com\u00fan, colaborando, (\u2026) resignificando el valor de la cultura y la ciudad\u201d. Para \u00e9l, ver concluidos los trabajos que comenzar\u00e1n la semana del 24 de agosto, es una forma de \u201cdignificar y resignificar el barrio de Schamann, de reivindicarlo frente a ciudades que son cada vez m\u00e1s iguales\u201d.<\/p>\n<p>Precisamente, la implicaci\u00f3n de las y los residentes est\u00e1 vinculada a la participaci\u00f3n de Salvadora Luj\u00e1n-Ram\u00f3n, quien defendi\u00f3 que, \u201cante todo, es arte urbano que saca a Gald\u00f3s de los libros para devolverlo al lugar del que procede la mayor\u00eda de sus personajes, la calle\u201d.<\/p>\n<p>Premio Internacional Peter A. Bly (EE.UU.) a la mejor tesis doctoral sobre el escritor por \u00abImaginario pedag\u00f3gico en la producci\u00f3n de Benito P\u00e9rez Gald\u00f3s\u00bb, Luj\u00e1n-Ram\u00f3n activa el patrimonio mediante un di\u00e1logo entre literatura, arte urbano, investigaci\u00f3n y ciudadan\u00eda. De la mano del proyecto de mediaci\u00f3n cultural \u00abLa mirada de Gald\u00f3s: re-habitar el espacio humano\u00bb, lleva el genio de Gald\u00f3s a las calles de Schamann y revisa su obra desde una perspectiva contempor\u00e1nea. \u00a0La literatura, por tanto, se impone en la calle y se reinterpreta desde una revisi\u00f3n actual en la que el vecindario forma parte del encuentro. Todo esto gracias a la informaci\u00f3n a la que se accede a trav\u00e9s de c\u00f3digos QR, c\u00f3digos que no van a sites que expliquen la obra, sino que activan la conversaci\u00f3n y que invitan a la interpretaci\u00f3n de las mismas desde la mirada presente.<\/p>\n<p>La docente e investigadora explic\u00f3 que estos 20 a\u00f1os de recorrido por la obra galdosiana recogen la evoluci\u00f3n en la escritura y pensamiento del autor que \u201cnunca se qued\u00f3 entre el blanco y el negro, nos mostr\u00f3 los grises que hay en medio y las circunstancias por las que las personas pueden actuar de cierta manera\u201d. Para Luj\u00e1n-Ram\u00f3n se trata de que cada artista, con diversidad de estilos, t\u00e9cnicas y colores, \u201cvuelva a su obra desde nuestro tiempo y desde su propio lenguaje\u201d.\u00a0<\/p>\n<p>As\u00ed, la grandeza del autor, su pertinencia en la actualidad, se integrar\u00e1 en la conversaci\u00f3n del hoy respondiendo a cuestiones que siguen estando plenamente vigentes. Un ejemplo puede verse ya activo en la web lpacultura.com: Tristana, con firma de Elisa Capdevila, reconduce al site espec\u00edfico, a sus interrogantes, extracto en v\u00eddeo y espacio para que el observador comparta impresiones. En la presentaci\u00f3n, la premiada artista catalana afirm\u00f3 que la introducci\u00f3n en el t\u00edtulo le permiti\u00f3 acercarse a una lectura \u201cmuy actual y con personajes hechos con una complejidad, que es la de la vida misma\u2026 Que las personas no somos planas, sino que todos tenemos un mont\u00f3n de peque\u00f1os matices\u201d.<\/p>\n<\/div>\n","protected":false},"excerpt":{"rendered":"<p>Ampliar imagen La alcaldesa de Las Palmas de Gran Canaria, Carolina Darias, y el concejal de Cultura, Josu\u00e9 \u00cd\u00f1iguez, artistas e investigadora implicados han presentado esta iniciativa que crear\u00e1 una&hellip;<\/p>\n","protected":false},"author":1,"featured_media":4865,"comment_status":"open","ping_status":"open","sticky":false,"template":"","format":"standard","meta":{"wpai_generated_summary":"","wpai_meta_description":"","footnotes":""},"categories":[132],"tags":[],"class_list":["post-4864","post","type-post","status-publish","format-standard","has-post-thumbnail","hentry","category-ayuntamiento-de-las-palmas-de-gran-canaria"],"_links":{"self":[{"href":"https:\/\/nublo.tv\/index.php\/wp-json\/wp\/v2\/posts\/4864","targetHints":{"allow":["GET"]}}],"collection":[{"href":"https:\/\/nublo.tv\/index.php\/wp-json\/wp\/v2\/posts"}],"about":[{"href":"https:\/\/nublo.tv\/index.php\/wp-json\/wp\/v2\/types\/post"}],"author":[{"embeddable":true,"href":"https:\/\/nublo.tv\/index.php\/wp-json\/wp\/v2\/users\/1"}],"replies":[{"embeddable":true,"href":"https:\/\/nublo.tv\/index.php\/wp-json\/wp\/v2\/comments?post=4864"}],"version-history":[{"count":1,"href":"https:\/\/nublo.tv\/index.php\/wp-json\/wp\/v2\/posts\/4864\/revisions"}],"predecessor-version":[{"id":4868,"href":"https:\/\/nublo.tv\/index.php\/wp-json\/wp\/v2\/posts\/4864\/revisions\/4868"}],"wp:featuredmedia":[{"embeddable":true,"href":"https:\/\/nublo.tv\/index.php\/wp-json\/wp\/v2\/media\/4865"}],"wp:attachment":[{"href":"https:\/\/nublo.tv\/index.php\/wp-json\/wp\/v2\/media?parent=4864"}],"wp:term":[{"taxonomy":"category","embeddable":true,"href":"https:\/\/nublo.tv\/index.php\/wp-json\/wp\/v2\/categories?post=4864"},{"taxonomy":"post_tag","embeddable":true,"href":"https:\/\/nublo.tv\/index.php\/wp-json\/wp\/v2\/tags?post=4864"}],"curies":[{"name":"wp","href":"https:\/\/api.w.org\/{rel}","templated":true}]}}