{"id":4866,"date":"2026-08-20T08:37:30","date_gmt":"2026-08-20T07:37:30","guid":{"rendered":"https:\/\/nublo.tv\/?p=4866"},"modified":"2026-08-27T12:35:28","modified_gmt":"2026-08-27T11:35:28","slug":"teror-realiza-este-jueves-un-minuto-de-silencio-en-recuerdo-a-las-victimas-del-accidente-del-vuelo-jk5022","status":"publish","type":"post","link":"https:\/\/nublo.tv\/index.php\/2026\/08\/20\/teror-realiza-este-jueves-un-minuto-de-silencio-en-recuerdo-a-las-victimas-del-accidente-del-vuelo-jk5022\/","title":{"rendered":"Teror realiza este jueves un minuto de silencio en recuerdo a las v\u00edctimas del accidente del vuelo JK5022"},"content":{"rendered":"<p><strong>A las 13:00 horas en el p\u00f3rtico de las Oficinas municipales. El joven terorense Ayoze Falc\u00f3n y su novia Cristina perdieron la vida junto a otras 152 personas.<\/strong><\/p>\n<p>El Ayuntamiento de Teror realizar\u00e1 este jueves 20 de agosto un minuto de silencio en memoria de las personas que perdieron la vida un d\u00eda como hoy de hace 18 a\u00f1os en el tr\u00e1gico accidente del vuelo JK5022 de Spanair en Barajas\u00a0 (Madrid), en el que tambi\u00e9n perdi\u00f3 la vida el joven terorense Ayoze Falc\u00f3n, junto a su novia Cristina.<\/p>\n<p>El Consistorio terorense se solidariza con la Asociaci\u00f3n de Afectados del Vuelo JK5022, recordando aquel fat\u00eddico accidente e invita a sumarse al acto que tiene lugar a las 13:00 horas en el p\u00f3rtico de las Oficinas municipales, donde est\u00e1 instalada una placa de homenaje, junto a la que colocar\u00e1 un ramo de flores.<\/p>\n<p class=\"mce\">Como cada a\u00f1o, este d\u00eda se celebran actos y ofrendas florales en Madrid y Gran Canaria en recuerdo de las 154 v\u00edctimas del accidente, una de las tragedias a\u00e9reas m\u00e1s graves ocurridas en Espa\u00f1a.<\/p>\n","protected":false},"excerpt":{"rendered":"<p>A las 13:00 horas en el p\u00f3rtico de las Oficinas municipales. El joven terorense Ayoze Falc\u00f3n y su novia Cristina perdieron la vida junto a otras 152 personas. El Ayuntamiento&hellip;<\/p>\n","protected":false},"author":1,"featured_media":4870,"comment_status":"open","ping_status":"open","sticky":false,"template":"","format":"standard","meta":{"wpai_generated_summary":"","wpai_meta_description":"","footnotes":""},"categories":[141],"tags":[],"class_list":["post-4866","post","type-post","status-publish","format-standard","has-post-thumbnail","hentry","category-ayuntamiento-de-teror"],"_links":{"self":[{"href":"https:\/\/nublo.tv\/index.php\/wp-json\/wp\/v2\/posts\/4866","targetHints":{"allow":["GET"]}}],"collection":[{"href":"https:\/\/nublo.tv\/index.php\/wp-json\/wp\/v2\/posts"}],"about":[{"href":"https:\/\/nublo.tv\/index.php\/wp-json\/wp\/v2\/types\/post"}],"author":[{"embeddable":true,"href":"https:\/\/nublo.tv\/index.php\/wp-json\/wp\/v2\/users\/1"}],"replies":[{"embeddable":true,"href":"https:\/\/nublo.tv\/index.php\/wp-json\/wp\/v2\/comments?post=4866"}],"version-history":[{"count":1,"href":"https:\/\/nublo.tv\/index.php\/wp-json\/wp\/v2\/posts\/4866\/revisions"}],"predecessor-version":[{"id":4869,"href":"https:\/\/nublo.tv\/index.php\/wp-json\/wp\/v2\/posts\/4866\/revisions\/4869"}],"wp:featuredmedia":[{"embeddable":true,"href":"https:\/\/nublo.tv\/index.php\/wp-json\/wp\/v2\/media\/4870"}],"wp:attachment":[{"href":"https:\/\/nublo.tv\/index.php\/wp-json\/wp\/v2\/media?parent=4866"}],"wp:term":[{"taxonomy":"category","embeddable":true,"href":"https:\/\/nublo.tv\/index.php\/wp-json\/wp\/v2\/categories?post=4866"},{"taxonomy":"post_tag","embeddable":true,"href":"https:\/\/nublo.tv\/index.php\/wp-json\/wp\/v2\/tags?post=4866"}],"curies":[{"name":"wp","href":"https:\/\/api.w.org\/{rel}","templated":true}]}}