{"id":4875,"date":"2026-08-20T10:54:53","date_gmt":"2026-08-20T09:54:53","guid":{"rendered":"https:\/\/nublo.tv\/?p=4875"},"modified":"2026-08-27T12:35:28","modified_gmt":"2026-08-27T11:35:28","slug":"el-ayuntamiento-renueva-los-aparatos-biosaludables-situados-en-la-avenida-de-sardina","status":"publish","type":"post","link":"https:\/\/nublo.tv\/index.php\/2026\/08\/20\/el-ayuntamiento-renueva-los-aparatos-biosaludables-situados-en-la-avenida-de-sardina\/","title":{"rendered":"El Ayuntamiento renueva los aparatos biosaludables situados en la Avenida de Sardina"},"content":{"rendered":"<p>El Ayuntamiento de G\u00e1ldar, a trav\u00e9s de la Concejal\u00eda de Parques y Jardines, que dirige Nicol\u00e1s Mederos, ha renovado los aparatos biosaludables situados en la Avenida de Sardina. Estos elementos suponen una mejora en la calidad de vida de los vecinos ya que son muy frecuentados.<\/p>\n<p>La actuaci\u00f3n es fruto de una petici\u00f3n vecinal planteada en la \u00faltima asamblea abierta celebrada en el barrio y ha consistido en la sustituci\u00f3n de los aparatos existentes por otros cinco m\u00e1s modernos y seguros, que permiten realizar diferentes ejercicios de movilidad, equilibrio y fortalecimiento muscular. Con ello, se busca fomentar h\u00e1bitos de vida saludables y ofrecer a la ciudadan\u00eda un espacio adecuado para la pr\u00e1ctica de actividad f\u00edsica al aire libre.<\/p>\n<p>Estos nuevos elementos est\u00e1n fabricados en acero galvanizado y materiales que resisten de forma adecuada las condiciones ambientales propias de este entorno costero.<\/p>\n","protected":false},"excerpt":{"rendered":"<p>El Ayuntamiento de G\u00e1ldar, a trav\u00e9s de la Concejal\u00eda de Parques y Jardines, que dirige Nicol\u00e1s Mederos, ha renovado los aparatos biosaludables situados en la Avenida de Sardina. Estos elementos&hellip;<\/p>\n","protected":false},"author":1,"featured_media":4883,"comment_status":"open","ping_status":"open","sticky":false,"template":"","format":"standard","meta":{"wpai_generated_summary":"","wpai_meta_description":"","footnotes":""},"categories":[129],"tags":[],"class_list":["post-4875","post","type-post","status-publish","format-standard","has-post-thumbnail","hentry","category-ayuntamiento-de-galdar"],"_links":{"self":[{"href":"https:\/\/nublo.tv\/index.php\/wp-json\/wp\/v2\/posts\/4875","targetHints":{"allow":["GET"]}}],"collection":[{"href":"https:\/\/nublo.tv\/index.php\/wp-json\/wp\/v2\/posts"}],"about":[{"href":"https:\/\/nublo.tv\/index.php\/wp-json\/wp\/v2\/types\/post"}],"author":[{"embeddable":true,"href":"https:\/\/nublo.tv\/index.php\/wp-json\/wp\/v2\/users\/1"}],"replies":[{"embeddable":true,"href":"https:\/\/nublo.tv\/index.php\/wp-json\/wp\/v2\/comments?post=4875"}],"version-history":[{"count":1,"href":"https:\/\/nublo.tv\/index.php\/wp-json\/wp\/v2\/posts\/4875\/revisions"}],"predecessor-version":[{"id":4882,"href":"https:\/\/nublo.tv\/index.php\/wp-json\/wp\/v2\/posts\/4875\/revisions\/4882"}],"wp:featuredmedia":[{"embeddable":true,"href":"https:\/\/nublo.tv\/index.php\/wp-json\/wp\/v2\/media\/4883"}],"wp:attachment":[{"href":"https:\/\/nublo.tv\/index.php\/wp-json\/wp\/v2\/media?parent=4875"}],"wp:term":[{"taxonomy":"category","embeddable":true,"href":"https:\/\/nublo.tv\/index.php\/wp-json\/wp\/v2\/categories?post=4875"},{"taxonomy":"post_tag","embeddable":true,"href":"https:\/\/nublo.tv\/index.php\/wp-json\/wp\/v2\/tags?post=4875"}],"curies":[{"name":"wp","href":"https:\/\/api.w.org\/{rel}","templated":true}]}}