{"id":4877,"date":"2026-08-20T10:55:03","date_gmt":"2026-08-20T09:55:03","guid":{"rendered":"https:\/\/nublo.tv\/?p=4877"},"modified":"2026-08-27T12:35:28","modified_gmt":"2026-08-27T11:35:28","slug":"el-barrio-de-las-torres-acoge-este-viernes-la-penultima-cita-de-parque-aventura","status":"publish","type":"post","link":"https:\/\/nublo.tv\/index.php\/2026\/08\/20\/el-barrio-de-las-torres-acoge-este-viernes-la-penultima-cita-de-parque-aventura\/","title":{"rendered":"El barrio de Las Torres acoge este viernes la pen\u00faltima cita de &#8216;Parque Aventura&#8217;"},"content":{"rendered":"<div class=\"image col-sm-6 pull-right\">\n<div class=\"saga-imagen \">\n\t\t<a href=\"\/export\/sites\/laspalmasgc\/.galleries\/imagenes-noticias-2026\/Parque-Aventura-20260820.png\" title=\"El barrio de Las Torres acoge este viernes la pen\u00faltima cita de &apos;Parque Aventura&apos;\" class=\"wrapper-image zoom-filter \"><br \/>\n\t\t\t\t\t<span class=\"sr-only\">Ampliar imagen<\/span><\/p>\n<div class=\"overlay-zoom\">\n\t\t\t\t\t\t<img loading=\"lazy\" decoding=\"async\" class=\"img-responsive\" src=\"\/export\/sites\/laspalmasgc\/.galleries\/imagenes-noticias-2026\/Parque-Aventura-20260820.png_1065907003.png\" width=\"900\" height=\"675\" alt=\"El barrio de Las Torres acoge este viernes la pen\u00faltima cita de &apos;Parque Aventura&apos;\"><\/p>\n<div class=\"zoom-icon\">\n\t                    \t<span class=\"fa fa-search-plus\" aria-hidden=\"true\"><\/span>\n\t                    <\/div>\n<\/p><\/div>\n<p>\t\t\t\t<\/a>\n\t\t\t<\/div>\n<\/p><\/div>\n<div class=\"container-fluid\">\n<p>La actividad gratuita se celebrar\u00e1 de 17:30 a 19:30 horas e incluir\u00e1 juegos, talleres y propuestas de animaci\u00f3n para ni\u00f1os y ni\u00f1as de hasta 12 a\u00f1os<br \/>Las Palmas de Gran Canaria, 20 de agosto de 2026. El Ayuntamiento de Las Palmas de Gran Canaria, a trav\u00e9s de la Concejal\u00eda del Distrito Ciudad Alta, celebrar\u00e1 este viernes 21 de agosto una nueva jornada de \u2018Parque Aventura\u2019, que tendr\u00e1 como escenario el barrio de Las Torres y que supondr\u00e1 la pen\u00faltima parada de esta programaci\u00f3n de ocio y dinamizaci\u00f3n comunitaria durante los meses de verano.<br \/>La actividad tendr\u00e1 lugar en el Espacio Multideportivo de Las Torres, en horario de 17:30 a 19:30 horas. La propuesta, de car\u00e1cter gratuito, est\u00e1 dirigida especialmente a ni\u00f1os y ni\u00f1as de hasta 12 a\u00f1os, que podr\u00e1n participar junto a sus familias en juegos, talleres, actividades l\u00fadicas y diferentes propuestas de animaci\u00f3n.<br \/>La concejala del Distrito Ciudad Alta, Betsaida Gonz\u00e1lez, ha destacado la importancia de acercar este tipo de propuestas a los barrios durante el periodo estival. \u201cCon \u2018Parque Aventura\u2019 queremos seguir llenando nuestros barrios de actividades pensadas para que los m\u00e1s peque\u00f1os puedan disfrutar, jugar y compartir con sus familias. Esta programaci\u00f3n, que cuenta con seis paradas durante este verano, nos permite, adem\u00e1s, generar espacios de encuentro y convivencia en nuestros espacios p\u00fablicos\u201d, ha se\u00f1alado.<br \/>La jornada de Las Torres ser\u00e1 la pen\u00faltima cita de \u2018Parque Aventura\u2019 durante este verano, despu\u00e9s de las actividades desarrolladas en otros cuatro barrios del Distrito Ciudad Alta a lo largo de los meses de julio y agosto.<br \/>La programaci\u00f3n concluir\u00e1 el pr\u00f3ximo viernes 28 de agosto en la Plaza Escultor Eduardo Gregorio, en Las Chumberas, poniendo el cierre a un recorrido que ha llevado propuestas gratuitas de ocio y animaci\u00f3n a distintos barrios del distrito.<\/p>\n<\/div>\n","protected":false},"excerpt":{"rendered":"<p>Ampliar imagen La actividad gratuita se celebrar\u00e1 de 17:30 a 19:30 horas e incluir\u00e1 juegos, talleres y propuestas de animaci\u00f3n para ni\u00f1os y ni\u00f1as de hasta 12 a\u00f1osLas Palmas de&hellip;<\/p>\n","protected":false},"author":1,"featured_media":4887,"comment_status":"open","ping_status":"open","sticky":false,"template":"","format":"standard","meta":{"wpai_generated_summary":"","wpai_meta_description":"","footnotes":""},"categories":[132],"tags":[],"class_list":["post-4877","post","type-post","status-publish","format-standard","has-post-thumbnail","hentry","category-ayuntamiento-de-las-palmas-de-gran-canaria"],"_links":{"self":[{"href":"https:\/\/nublo.tv\/index.php\/wp-json\/wp\/v2\/posts\/4877","targetHints":{"allow":["GET"]}}],"collection":[{"href":"https:\/\/nublo.tv\/index.php\/wp-json\/wp\/v2\/posts"}],"about":[{"href":"https:\/\/nublo.tv\/index.php\/wp-json\/wp\/v2\/types\/post"}],"author":[{"embeddable":true,"href":"https:\/\/nublo.tv\/index.php\/wp-json\/wp\/v2\/users\/1"}],"replies":[{"embeddable":true,"href":"https:\/\/nublo.tv\/index.php\/wp-json\/wp\/v2\/comments?post=4877"}],"version-history":[{"count":1,"href":"https:\/\/nublo.tv\/index.php\/wp-json\/wp\/v2\/posts\/4877\/revisions"}],"predecessor-version":[{"id":4886,"href":"https:\/\/nublo.tv\/index.php\/wp-json\/wp\/v2\/posts\/4877\/revisions\/4886"}],"wp:featuredmedia":[{"embeddable":true,"href":"https:\/\/nublo.tv\/index.php\/wp-json\/wp\/v2\/media\/4887"}],"wp:attachment":[{"href":"https:\/\/nublo.tv\/index.php\/wp-json\/wp\/v2\/media?parent=4877"}],"wp:term":[{"taxonomy":"category","embeddable":true,"href":"https:\/\/nublo.tv\/index.php\/wp-json\/wp\/v2\/categories?post=4877"},{"taxonomy":"post_tag","embeddable":true,"href":"https:\/\/nublo.tv\/index.php\/wp-json\/wp\/v2\/tags?post=4877"}],"curies":[{"name":"wp","href":"https:\/\/api.w.org\/{rel}","templated":true}]}}