{"id":4880,"date":"2026-08-20T10:54:58","date_gmt":"2026-08-20T09:54:58","guid":{"rendered":"https:\/\/nublo.tv\/?p=4880"},"modified":"2026-08-29T08:57:49","modified_gmt":"2026-08-29T07:57:49","slug":"la-aldea-invita-a-sus-vecinos-a-poner-a-prueba-sus-conocimientos-en-una-nueva-edicion-del-concurso-cultural","status":"publish","type":"post","link":"https:\/\/nublo.tv\/index.php\/2026\/08\/20\/la-aldea-invita-a-sus-vecinos-a-poner-a-prueba-sus-conocimientos-en-una-nueva-edicion-del-concurso-cultural\/","title":{"rendered":"La Aldea invita a sus vecinos a poner a prueba sus conocimientos en una nueva edici\u00f3n del Concurso Cultural"},"content":{"rendered":"<div class=\"fusion-fullwidth fullwidth-box fusion-builder-row-1 fusion-flex-container nonhundred-percent-fullwidth non-hundred-percent-height-scrolling\" style=\"--awb-border-radius-top-left:0px;--awb-border-radius-top-right:0px;--awb-border-radius-bottom-right:0px;--awb-border-radius-bottom-left:0px;--awb-flex-wrap:wrap\">\n<div class=\"fusion-builder-row fusion-row fusion-flex-align-items-flex-start fusion-flex-content-wrap\" style=\"max-width:1248px;margin-left: calc(-4% \/ 2 );margin-right: calc(-4% \/ 2 )\">\n<div class=\"fusion-layout-column fusion_builder_column fusion-builder-column-0 fusion_builder_column_1_1 1_1 fusion-flex-column\" style=\"--awb-bg-size:cover;--awb-width-large:100%;--awb-margin-top-large:0px;--awb-spacing-right-large:1.92%;--awb-margin-bottom-large:0px;--awb-spacing-left-large:1.92%;--awb-width-medium:100%;--awb-spacing-right-medium:1.92%;--awb-spacing-left-medium:1.92%;--awb-width-small:100%;--awb-spacing-right-small:1.92%;--awb-spacing-left-small:1.92%\">\n<div class=\"fusion-column-wrapper fusion-flex-justify-content-flex-start fusion-content-layout-column\">\n<div class=\"fusion-text fusion-text-1\">\n<p><span style=\"font-weight: 400\">El Ayuntamiento de La Aldea de San Nicol\u00e1s, a trav\u00e9s de la Concejal\u00eda de Cultura que dirige V\u00edctor Juan Hern\u00e1ndez, pone en marcha una nueva edici\u00f3n del Concurso Cultural 2026, una iniciativa que invita a grupos de amigos, familias y colectivos del municipio a poner a prueba sus conocimientos sobre cultura general.<\/span><\/p>\n<p><span style=\"font-weight: 400\">El certamen, que se celebrar\u00e1 del 24 al 26 de agosto en la Plaza del Proyecto de Desarrollo Comunitario, mantiene las bases de la pasada edici\u00f3n y est\u00e1 abierto a equipos de hasta seis personas mayores de 16 a\u00f1os, debiendo superar una de ellas los 50 a\u00f1os. Uno de los miembros de cada grupo deber\u00e1 asumir las funciones de coordinador general, actuando como persona de referencia del equipo durante el desarrollo del concurso. Asimismo, cada equipo deber\u00e1 elegir un color de camiseta con el que distinguirse.<\/span><\/p>\n<p><span style=\"font-weight: 400\">Las preguntas del concurso estar\u00e1n relacionadas con la cultura general, poniendo a prueba los conocimientos de los equipos sobre diferentes \u00e1mbitos y tem\u00e1ticas. De esta manera, el concurso pretende combinar el aprendizaje y la divulgaci\u00f3n con un formato din\u00e1mico y entretenido.\u00a0<\/span><\/p>\n<p><span style=\"font-weight: 400\">Las personas y colectivos interesados en participar tendr\u00e1n hasta las 23:59 horas del pr\u00f3ximo jueves, 20 de agosto, para formalizar su inscripci\u00f3n. La iniciativa est\u00e1 abierta a todos los grupos de amigos, familias o colectivos que quieran sumarse a esta propuesta.<\/span><\/p>\n<p><span style=\"font-weight: 400\">Una vez finalizado el periodo de inscripci\u00f3n, la Concejal\u00eda de Cultura celebrar\u00e1 una reuni\u00f3n informativa y de coordinaci\u00f3n con todos los equipos participantes, que tendr\u00e1 lugar el viernes 21 de agosto, a las 18:00 horas, en el Sal\u00f3n de Plenos del Ayuntamiento de La Aldea de San Nicol\u00e1s. Durante este encuentro se explicar\u00e1 la din\u00e1mica de esta edici\u00f3n, se repasar\u00e1n las normas del concurso y se resolver\u00e1n las dudas que puedan plantear los equipos participantes.<\/span><\/p>\n<p><span style=\"font-weight: 400\">En cuanto a los premios, el equipo ganador recibir\u00e1 250 euros, mientras que el segundo clasificado obtendr\u00e1 200 euros y el tercero 150 euros.\u00a0<\/span><\/p>\n<p><span style=\"font-weight: 400\">El concejal de Cultura, V\u00edctor Juan Hern\u00e1ndez, ha animado a la ciudadan\u00eda a participar en esta nueva edici\u00f3n y ha destacado que \u201cel Concurso Cultural es una oportunidad para aprender, compartir y, sobre todo, pasar un buen rato entre amigos, familiares y vecinos\u201d. Asimismo, ha se\u00f1alado que \u201cqueremos que los equipos se animen a participar, independientemente de cu\u00e1nto crean saber porque lo importante es disfrutar de la experiencia, poner a prueba nuestros conocimientos y generar un espacio de convivencia\u201d.<\/span><\/p>\n<p><span style=\"font-weight: 400\">Desde el Ayuntamiento de La Aldea de San Nicol\u00e1s animamos a la ciudadan\u00eda a formar equipo, inscribirse y poner a prueba sus conocimientos de cultura general, disfrutando de una propuesta cultural diferente que combina aprendizaje, competici\u00f3n y diversi\u00f3n.<\/span><\/p>\n<\/div>\n<\/div>\n<\/div>\n<\/div>\n<\/div>\n<p>es\u00bb>La Aldea<\/a>.<\/p>\n","protected":false},"excerpt":{"rendered":"<p>El Ayuntamiento de La Aldea de San Nicol\u00e1s, a trav\u00e9s de la Concejal\u00eda de Cultura que dirige V\u00edctor Juan Hern\u00e1ndez, pone en marcha una nueva edici\u00f3n del Concurso Cultural 2026,&hellip;<\/p>\n","protected":false},"author":1,"featured_media":4885,"comment_status":"open","ping_status":"open","sticky":false,"template":"","format":"standard","meta":{"wpai_generated_summary":"","wpai_meta_description":"","footnotes":""},"categories":[131],"tags":[],"class_list":["post-4880","post","type-post","status-publish","format-standard","has-post-thumbnail","hentry","category-ayuntamiento-de-la-aldea-de-san-nicolas"],"_links":{"self":[{"href":"https:\/\/nublo.tv\/index.php\/wp-json\/wp\/v2\/posts\/4880","targetHints":{"allow":["GET"]}}],"collection":[{"href":"https:\/\/nublo.tv\/index.php\/wp-json\/wp\/v2\/posts"}],"about":[{"href":"https:\/\/nublo.tv\/index.php\/wp-json\/wp\/v2\/types\/post"}],"author":[{"embeddable":true,"href":"https:\/\/nublo.tv\/index.php\/wp-json\/wp\/v2\/users\/1"}],"replies":[{"embeddable":true,"href":"https:\/\/nublo.tv\/index.php\/wp-json\/wp\/v2\/comments?post=4880"}],"version-history":[{"count":2,"href":"https:\/\/nublo.tv\/index.php\/wp-json\/wp\/v2\/posts\/4880\/revisions"}],"predecessor-version":[{"id":18131,"href":"https:\/\/nublo.tv\/index.php\/wp-json\/wp\/v2\/posts\/4880\/revisions\/18131"}],"wp:featuredmedia":[{"embeddable":true,"href":"https:\/\/nublo.tv\/index.php\/wp-json\/wp\/v2\/media\/4885"}],"wp:attachment":[{"href":"https:\/\/nublo.tv\/index.php\/wp-json\/wp\/v2\/media?parent=4880"}],"wp:term":[{"taxonomy":"category","embeddable":true,"href":"https:\/\/nublo.tv\/index.php\/wp-json\/wp\/v2\/categories?post=4880"},{"taxonomy":"post_tag","embeddable":true,"href":"https:\/\/nublo.tv\/index.php\/wp-json\/wp\/v2\/tags?post=4880"}],"curies":[{"name":"wp","href":"https:\/\/api.w.org\/{rel}","templated":true}]}}