{"id":4888,"date":"2026-08-20T13:38:44","date_gmt":"2026-08-20T12:38:44","guid":{"rendered":"https:\/\/nublo.tv\/?p=4888"},"modified":"2026-08-29T08:57:49","modified_gmt":"2026-08-29T07:57:49","slug":"proxima-excursion-del-club-de-mayores","status":"publish","type":"post","link":"https:\/\/nublo.tv\/index.php\/2026\/08\/20\/proxima-excursion-del-club-de-mayores\/","title":{"rendered":"Pr\u00f3xima excursi\u00f3n del Club de Mayores"},"content":{"rendered":"<p>Se recuerda a los usuarios y usuarias del <strong>Club Municipal de Mayores de Santa Br\u00edgida<\/strong> que los pr\u00f3ximos <strong>26 y 27 de agosto<\/strong> permanecer\u00e1 abierto el plazo de inscripci\u00f3n para participar en la excursi\u00f3n especial <strong>\u00abVamos Pal\u2019Pino\u00bb<\/strong>, que tendr\u00e1 lugar el <strong>s\u00e1bado, 29<\/strong>, una jornada pensada para disfrutar juntos de nuestras tradiciones, de la m\u00fasica, de los paisajes de la isla y, sobre todo,<strong> de la compa\u00f1\u00eda.<\/strong><\/p>\n<p>Las guaguas partir\u00e1n a las <strong>8:00 horas desde el Llano de Mar\u00eda Rivera<\/strong>, a las <strong>8:20 horas desde La Atalaya<\/strong> y, posteriormente, a las <strong>9:00 horas desde el Club Municipal de Mayores<\/strong>, en una excursi\u00f3n amenizada por el grupo <strong>Dulce Cacao<\/strong>.<\/p>\n<p>El recorrido llevar\u00e1 al grupo desde <strong>Santa Br\u00edgida hasta Teror<\/strong>, donde se vivir\u00e1 uno de los momentos centrales de la jornada: el encuentro con los vecinos y vecinas del municipio que cada a\u00f1o realizan a pie la tradicional peregrinaci\u00f3n hasta la Villa Mariana. Ser\u00e1 una oportunidad para compartir unos minutos con los caminantes y sumarse al ambiente festivo que acompa\u00f1a esta ruta hacia Teror.<\/p>\n<p>Despu\u00e9s, la excursi\u00f3n continuar\u00e1 hacia <strong>Valleseco<\/strong>, antes de realizar una parada para el almuerzo en el Restaurante Balc\u00f3n de Zamora, en un entorno especialmente ligado a las tradiciones y paisajes de las median\u00edas de Gran Canaria. El almuerzo tendr\u00e1 un coste de 16 euros por persona, a cargo de cada participante, e incluye entrantes, primer y segundo plato a elegir, postre y bebidas.<\/p>\n<p>La jornada continuar\u00e1 por la tarde en <strong>San Mateo<\/strong>, donde los participantes podr\u00e1n disfrutar de un baile, poniendo el broche festivo a un d\u00eda pensado para combinar la tradici\u00f3n, el encuentro entre vecinos y el disfrute de la m\u00fasica y la gastronom\u00eda de la isla.<\/p>\n<p>El transporte y el seguro corren a cargo de las <strong>concejal\u00edas de Mayores y Servicios Sociales<\/strong>.<\/p>\n<div class=\"wp-block-image\">\n<figure class=\"aligncenter size-large\"><a href=\"https:\/\/www.santabrigida.es\/wp-content\/uploads\/2026\/08\/EXCURSION-TABLERO-DE-MASPALOMAS-ARGUINEGUIN-CRUCE-DE-ARINAGA-1.jpg\"><img loading=\"lazy\" decoding=\"async\" width=\"724\" height=\"1024\" src=\"https:\/\/www.santabrigida.es\/wp-content\/uploads\/2026\/08\/EXCURSION-TABLERO-DE-MASPALOMAS-ARGUINEGUIN-CRUCE-DE-ARINAGA-1-724x1024.jpg\" alt=\"\" class=\"wp-image-46524\" \/><\/a><\/figure>\n<\/div>\n<p><strong>Inscripci\u00f3n<\/strong><\/p>\n<p>La actividad est\u00e1 dirigida prioritariamente a los <strong>socios y socias del Club Municipal de Mayores de Santa Br\u00edgida<\/strong>. En caso de que queden plazas disponibles, estas podr\u00e1n ser ocupadas por <strong>p\u00fablico general<\/strong>, hasta completar el aforo.<\/p>\n<p>Las inscripciones deber\u00e1n realizarse <strong>de forma presencial <\/strong>los mi\u00e9rcoles 26 y jueves 27 de agosto, de<strong> 8:00 a 14:00 horas, <\/strong>o hasta completar las plazas disponibles. Para formalizar la inscripci\u00f3n ser\u00e1 imprescindible <strong>presentar el carnet de socio\/a<\/strong>.<\/p>\n<p><strong>Informaci\u00f3n:<\/strong> 928 644 242 \/ <a href=\"mailto:clubdemayores@santabrigida.es\">clubdemayores@santabrigida.es<\/a><\/p>\n<p>santabrigida.es\u00bb>Ayuntamiento de la Villa de Santa Br\u00edgida<\/a>.<\/p>\n","protected":false},"excerpt":{"rendered":"<p>Se recuerda a los usuarios y usuarias del Club Municipal de Mayores de Santa Br\u00edgida que los pr\u00f3ximos 26 y 27 de agosto permanecer\u00e1 abierto el plazo de inscripci\u00f3n para&hellip;<\/p>\n","protected":false},"author":1,"featured_media":4899,"comment_status":"open","ping_status":"open","sticky":false,"template":"","format":"standard","meta":{"wpai_generated_summary":"","wpai_meta_description":"","footnotes":""},"categories":[136],"tags":[],"class_list":["post-4888","post","type-post","status-publish","format-standard","has-post-thumbnail","hentry","category-ayuntamiento-de-santa-brigida"],"_links":{"self":[{"href":"https:\/\/nublo.tv\/index.php\/wp-json\/wp\/v2\/posts\/4888","targetHints":{"allow":["GET"]}}],"collection":[{"href":"https:\/\/nublo.tv\/index.php\/wp-json\/wp\/v2\/posts"}],"about":[{"href":"https:\/\/nublo.tv\/index.php\/wp-json\/wp\/v2\/types\/post"}],"author":[{"embeddable":true,"href":"https:\/\/nublo.tv\/index.php\/wp-json\/wp\/v2\/users\/1"}],"replies":[{"embeddable":true,"href":"https:\/\/nublo.tv\/index.php\/wp-json\/wp\/v2\/comments?post=4888"}],"version-history":[{"count":2,"href":"https:\/\/nublo.tv\/index.php\/wp-json\/wp\/v2\/posts\/4888\/revisions"}],"predecessor-version":[{"id":18133,"href":"https:\/\/nublo.tv\/index.php\/wp-json\/wp\/v2\/posts\/4888\/revisions\/18133"}],"wp:featuredmedia":[{"embeddable":true,"href":"https:\/\/nublo.tv\/index.php\/wp-json\/wp\/v2\/media\/4899"}],"wp:attachment":[{"href":"https:\/\/nublo.tv\/index.php\/wp-json\/wp\/v2\/media?parent=4888"}],"wp:term":[{"taxonomy":"category","embeddable":true,"href":"https:\/\/nublo.tv\/index.php\/wp-json\/wp\/v2\/categories?post=4888"},{"taxonomy":"post_tag","embeddable":true,"href":"https:\/\/nublo.tv\/index.php\/wp-json\/wp\/v2\/tags?post=4888"}],"curies":[{"name":"wp","href":"https:\/\/api.w.org\/{rel}","templated":true}]}}