{"id":4890,"date":"2026-08-20T13:38:51","date_gmt":"2026-08-20T12:38:51","guid":{"rendered":"https:\/\/nublo.tv\/?p=4890"},"modified":"2026-08-27T12:35:28","modified_gmt":"2026-08-27T11:35:28","slug":"el-30-o-temudas-acoge-las-iii-jornadas-a-cielo-abierto","status":"publish","type":"post","link":"https:\/\/nublo.tv\/index.php\/2026\/08\/20\/el-30-o-temudas-acoge-las-iii-jornadas-a-cielo-abierto\/","title":{"rendered":"El 30.\u00ba TEMUDAS acoge las III jornadas \u00abA cielo abierto\u00bb"},"content":{"rendered":"<p>Las Palmas de Gran Canaria acoge por tercer a\u00f1o consecutivo las jornadas profesionales \u00abA cielo abierto\u00bb en el marco del Festival TEMUDAS. Del 16 al 18 de septiembre el encuentro tomar\u00e1 el Museo Elder de la Ciencia y la Tecnolog\u00eda como punto de encuentro en el que el debate, la reflexi\u00f3n y el aprendizaje giran en torno a las artes esc\u00e9nicas, con un gui\u00f1o especial al sector de la danza.<\/p>\n","protected":false},"excerpt":{"rendered":"<p>Las Palmas de Gran Canaria acoge por tercer a\u00f1o consecutivo las jornadas profesionales \u00abA cielo abierto\u00bb en el marco del Festival TEMUDAS. Del 16 al 18 de septiembre el encuentro&hellip;<\/p>\n","protected":false},"author":1,"featured_media":4901,"comment_status":"open","ping_status":"open","sticky":false,"template":"","format":"standard","meta":{"wpai_generated_summary":"","wpai_meta_description":"","footnotes":""},"categories":[132],"tags":[],"class_list":["post-4890","post","type-post","status-publish","format-standard","has-post-thumbnail","hentry","category-ayuntamiento-de-las-palmas-de-gran-canaria"],"_links":{"self":[{"href":"https:\/\/nublo.tv\/index.php\/wp-json\/wp\/v2\/posts\/4890","targetHints":{"allow":["GET"]}}],"collection":[{"href":"https:\/\/nublo.tv\/index.php\/wp-json\/wp\/v2\/posts"}],"about":[{"href":"https:\/\/nublo.tv\/index.php\/wp-json\/wp\/v2\/types\/post"}],"author":[{"embeddable":true,"href":"https:\/\/nublo.tv\/index.php\/wp-json\/wp\/v2\/users\/1"}],"replies":[{"embeddable":true,"href":"https:\/\/nublo.tv\/index.php\/wp-json\/wp\/v2\/comments?post=4890"}],"version-history":[{"count":1,"href":"https:\/\/nublo.tv\/index.php\/wp-json\/wp\/v2\/posts\/4890\/revisions"}],"predecessor-version":[{"id":4900,"href":"https:\/\/nublo.tv\/index.php\/wp-json\/wp\/v2\/posts\/4890\/revisions\/4900"}],"wp:featuredmedia":[{"embeddable":true,"href":"https:\/\/nublo.tv\/index.php\/wp-json\/wp\/v2\/media\/4901"}],"wp:attachment":[{"href":"https:\/\/nublo.tv\/index.php\/wp-json\/wp\/v2\/media?parent=4890"}],"wp:term":[{"taxonomy":"category","embeddable":true,"href":"https:\/\/nublo.tv\/index.php\/wp-json\/wp\/v2\/categories?post=4890"},{"taxonomy":"post_tag","embeddable":true,"href":"https:\/\/nublo.tv\/index.php\/wp-json\/wp\/v2\/tags?post=4890"}],"curies":[{"name":"wp","href":"https:\/\/api.w.org\/{rel}","templated":true}]}}