{"id":4892,"date":"2026-08-20T13:38:39","date_gmt":"2026-08-20T12:38:39","guid":{"rendered":"https:\/\/nublo.tv\/?p=4892"},"modified":"2026-08-29T08:57:49","modified_gmt":"2026-08-29T07:57:49","slug":"la-aldea-presenta-la-programacion-de-las-fiestas-de-san-nicolas-de-tolentino-2026-con-la-tradicion-la-cultura-y-la-participacion-como-protagonistas","status":"publish","type":"post","link":"https:\/\/nublo.tv\/index.php\/2026\/08\/20\/la-aldea-presenta-la-programacion-de-las-fiestas-de-san-nicolas-de-tolentino-2026-con-la-tradicion-la-cultura-y-la-participacion-como-protagonistas\/","title":{"rendered":"La Aldea presenta la programaci\u00f3n de las Fiestas de San Nicol\u00e1s de Tolentino 2026 con la tradici\u00f3n, la cultura y la participaci\u00f3n como protagonistas"},"content":{"rendered":"<p><span style=\"font-weight: 400\">El Ayuntamiento de La Aldea de San Nicol\u00e1s ha presentado este jueves, 20 de agosto, el programa de las Fiestas Patronales de San Nicol\u00e1s de Tolentino 2026, una amplia propuesta que combina tradici\u00f3n, cultura, m\u00fasica, deporte, actividades infantiles, encuentros populares y actos religiosos para acompa\u00f1ar a residentes y visitantes durante las pr\u00f3ximas semanas.<\/span><\/p>\n<p><span style=\"font-weight: 400\">La programaci\u00f3n, que se extender\u00e1 hasta el 27 de septiembre, mantiene como ejes centrales algunas de las celebraciones m\u00e1s arraigadas del municipio, como La Rama, la Romer\u00eda, el D\u00eda de San Nicol\u00e1s y el D\u00eda del Charco, incorporando adem\u00e1s diferentes propuestas culturales y de ocio dirigidas a p\u00fablicos de todas las edades. El programa tambi\u00e9n recoge actividades vinculadas al patrimonio y a la historia de La Aldea en el marco de la conmemoraci\u00f3n del Centenario del Fin del Pleito de La Aldea.<\/span><\/p>\n<p><span style=\"font-weight: 400\">Entre los actos m\u00e1s esperados, este a\u00f1o se celebrar\u00e1n el 29 de agosto, el preg\u00f3n de las fiestas a cargo de \u00d3liver Saavedra Ram\u00edrez; el 1 de septiembre, el repique tradicional de las campanas; el 9 de septiembre, la tradicional Bajada de la Rama; el 10 de septiembre, la Diana y la Romer\u00eda Ofrenda a San Nicol\u00e1s; y el 11 de septiembre, el D\u00eda del Charco. Posteriormente, el 19 de septiembre tendr\u00e1 lugar la tradicional Subida de la Rama, adem\u00e1s de otras propuestas culturales, deportivas y de ocio que completar\u00e1n el programa de las fiestas.\u00a0<\/span><\/p>\n<p><span style=\"font-weight: 400\">El alcalde de La Aldea de San Nicol\u00e1s, Pedro Su\u00e1rez, ha destacado que \u201clas Fiestas Patronales son uno de los momentos m\u00e1s importantes del a\u00f1o para nuestro municipio porque nos permiten reencontrarnos, compartir nuestras tradiciones y abrir las puertas de La Aldea a quienes nos visitan\u201d. En este sentido, ha se\u00f1alado que \u201chemos preparado una programaci\u00f3n amplia y diversa, pensada para todas las edades, en la que conviven nuestros actos m\u00e1s tradicionales con la cultura, la m\u00fasica, el deporte y diferentes propuestas de ocio\u201d.\u00a0<\/span><\/p>\n<p><span style=\"font-weight: 400\">Por su parte, la concejala de Festejos, Leandra Delgado, ha se\u00f1alado que \u201chemos preparado unas fiestas pensadas para todos los p\u00fablicos, en las que queremos que cada persona encuentre su espacio para disfrutar y sentirse parte de ellas\u201d, destacando asimismo que \u201clas fiestas son tambi\u00e9n una oportunidad para reencontrarnos con nuestras ra\u00edces, compartir nuestras tradiciones y fortalecer los v\u00ednculos que nos unen como pueblo\u201d.\u00a0<\/span><\/p>\n<p><span style=\"font-weight: 400\">El consejero de Sector Primario, Soberan\u00eda Alimentaria y Seguridad H\u00eddrica del Cabildo de Gran Canaria, Miguel Hidalgo S\u00e1nchez, ha puesto en valor la importancia de las Fiestas de San Nicol\u00e1s de Tolentino como una celebraci\u00f3n profundamente vinculada a la identidad y a las tradiciones del municipio, asegurando que \u201clas fiestas de La Aldea son tambi\u00e9n una oportunidad para poner en valor nuestro territorio, nuestra cultura y el papel que hist\u00f3ricamente ha desempe\u00f1ado el sector primario en la vida del municipio\u201d.\u00a0<\/span><\/p>\n<p><span style=\"font-weight: 400\">Unas fiestas que, seg\u00fan el cronista Francisco Su\u00e1rez, \u201cconstituyen el reflejo vivo de la identidad aldeana, preservando un legado cultural y una memoria colectiva que se ha transmitido con orgullo de generaci\u00f3n en generaci\u00f3n\u201d.\u00a0<\/span><\/p>\n<p><span style=\"font-weight: 400\">Aparte de en versi\u00f3n digital, el programa ya puede consultarse desde hoy en papel gracias al reparto que se est\u00e1 haciendo cada por casa para que todos los vecinos y vecinas del municipio puedan consultar en detalle cada una de las actividades programadas.\u00a0<\/span><\/p>\n<p>es\u00bb>La Aldea<\/a>.<\/p>\n","protected":false},"excerpt":{"rendered":"<p>El Ayuntamiento de La Aldea de San Nicol\u00e1s ha presentado este jueves, 20 de agosto, el programa de las Fiestas Patronales de San Nicol\u00e1s de Tolentino 2026, una amplia propuesta&hellip;<\/p>\n","protected":false},"author":1,"featured_media":4897,"comment_status":"open","ping_status":"open","sticky":false,"template":"","format":"standard","meta":{"wpai_generated_summary":"","wpai_meta_description":"","footnotes":""},"categories":[131],"tags":[],"class_list":["post-4892","post","type-post","status-publish","format-standard","has-post-thumbnail","hentry","category-ayuntamiento-de-la-aldea-de-san-nicolas"],"_links":{"self":[{"href":"https:\/\/nublo.tv\/index.php\/wp-json\/wp\/v2\/posts\/4892","targetHints":{"allow":["GET"]}}],"collection":[{"href":"https:\/\/nublo.tv\/index.php\/wp-json\/wp\/v2\/posts"}],"about":[{"href":"https:\/\/nublo.tv\/index.php\/wp-json\/wp\/v2\/types\/post"}],"author":[{"embeddable":true,"href":"https:\/\/nublo.tv\/index.php\/wp-json\/wp\/v2\/users\/1"}],"replies":[{"embeddable":true,"href":"https:\/\/nublo.tv\/index.php\/wp-json\/wp\/v2\/comments?post=4892"}],"version-history":[{"count":2,"href":"https:\/\/nublo.tv\/index.php\/wp-json\/wp\/v2\/posts\/4892\/revisions"}],"predecessor-version":[{"id":18132,"href":"https:\/\/nublo.tv\/index.php\/wp-json\/wp\/v2\/posts\/4892\/revisions\/18132"}],"wp:featuredmedia":[{"embeddable":true,"href":"https:\/\/nublo.tv\/index.php\/wp-json\/wp\/v2\/media\/4897"}],"wp:attachment":[{"href":"https:\/\/nublo.tv\/index.php\/wp-json\/wp\/v2\/media?parent=4892"}],"wp:term":[{"taxonomy":"category","embeddable":true,"href":"https:\/\/nublo.tv\/index.php\/wp-json\/wp\/v2\/categories?post=4892"},{"taxonomy":"post_tag","embeddable":true,"href":"https:\/\/nublo.tv\/index.php\/wp-json\/wp\/v2\/tags?post=4892"}],"curies":[{"name":"wp","href":"https:\/\/api.w.org\/{rel}","templated":true}]}}