{"id":4894,"date":"2026-08-20T13:38:57","date_gmt":"2026-08-20T12:38:57","guid":{"rendered":"https:\/\/nublo.tv\/?p=4894"},"modified":"2026-08-27T12:35:28","modified_gmt":"2026-08-27T11:35:28","slug":"santa-lucia-de-tirajana-acogera-en-septiembre-un-simposio-estatal-sobre-municipios-de-cuidados","status":"publish","type":"post","link":"https:\/\/nublo.tv\/index.php\/2026\/08\/20\/santa-lucia-de-tirajana-acogera-en-septiembre-un-simposio-estatal-sobre-municipios-de-cuidados\/","title":{"rendered":"Santa Luc\u00eda de Tirajana acoger\u00e1 en septiembre un Simposio Estatal sobre municipios de cuidados"},"content":{"rendered":"<div class=\"post-wrapper\">\n<div class=\"post-body\"><\/div>\n<div class=\"row-navigation-content-block row-container\">\n<div data-parent=\"true\" class=\"vc_row style-color-xsdn-bg row-container\" id=\"row-unique-1\">\n<div class=\"row limit-width row-parent\">\n<div class=\"wpb_row row-inner\">\n<div class=\"wpb_column pos-top pos-center align_left column_parent col-lg-12 single-internal-gutter\">\n<div class=\"uncol style-light\">\n<div class=\"uncoltable\">\n<div class=\"uncell no-block-padding\">\n<div class=\"uncont\">\n<div class=\"uncode_text_column\">\n<div class=\"news-navigation\" style=\"display: grid;grid-template-columns: 1fr 1fr;gap: 20px;margin: 40px 0\">\n<p>                    <a href=\"https:\/\/www.santaluciagc.com\/un-taller-formativo-de-certificado-digital-para-mejorar-el-acceso-a-la-administracion-de-quienes-estan-en-el-proceso-de-regularizacion\/\" class=\"news-nav-item news-nav-prev\" style=\"position: relative;display: block;overflow: hidden;border-radius: 8px;min-height: 280px;text-decoration: none\"><\/p>\n<div class=\"news-nav-bg\" style=\"position: absolute;top: 0;left: 0;width: 100%;height: 100%;background-image: url(&apos;https:\/\/www.santaluciagc.com\/wp-content\/uploads\/2026\/08\/TAllerformativoCertificadoDigital-2-1024x683.jpg&apos;);background-size: cover;background-position: center\"><\/div>\n<div class=\"news-nav-overlay\" style=\"position: absolute;top: 0;left: 0;width: 100%;height: 100%;background: linear-gradient(to bottom, rgba(0,0,0,0.3), rgba(0,0,0,0.7))\"><\/div>\n<div class=\"news-nav-content\" style=\"position: relative;z-index: 2;padding: 30px;height: 100%;display: flex;flex-direction: column;justify-content: center;align-items: flex-start\">\n                    <i class=\"fa fa-arrow-left2\" style=\"font-size: 48px;color: white;margin-bottom: 15px\"><\/i><\/p>\n<h3 style=\"color: white;font-size: 24px;font-weight: 700;margin: 0\">\n                        Un taller formativo de certificado digital para mejorar el acceso a la administraci\u00f3n de quienes est\u00e1n en el proceso de regularizaci\u00f3n                    <\/h3>\n<\/p><\/div>\n<p>            <\/a><\/p><\/div>\n<\/div>\n<\/div>\n<\/div>\n<\/div>\n<\/div>\n<\/div>\n<\/div>\n<\/div>\n<\/div>\n<\/div><\/div>\n","protected":false},"excerpt":{"rendered":"<p>Un taller formativo de certificado digital para mejorar el acceso a la administraci\u00f3n de quienes est\u00e1n en el proceso de regularizaci\u00f3n<\/p>\n","protected":false},"author":1,"featured_media":4904,"comment_status":"open","ping_status":"open","sticky":false,"template":"","format":"standard","meta":{"wpai_generated_summary":"","wpai_meta_description":"","footnotes":""},"categories":[137],"tags":[],"class_list":["post-4894","post","type-post","status-publish","format-standard","has-post-thumbnail","hentry","category-ayuntamiento-de-santa-lucia-de-tirajana"],"_links":{"self":[{"href":"https:\/\/nublo.tv\/index.php\/wp-json\/wp\/v2\/posts\/4894","targetHints":{"allow":["GET"]}}],"collection":[{"href":"https:\/\/nublo.tv\/index.php\/wp-json\/wp\/v2\/posts"}],"about":[{"href":"https:\/\/nublo.tv\/index.php\/wp-json\/wp\/v2\/types\/post"}],"author":[{"embeddable":true,"href":"https:\/\/nublo.tv\/index.php\/wp-json\/wp\/v2\/users\/1"}],"replies":[{"embeddable":true,"href":"https:\/\/nublo.tv\/index.php\/wp-json\/wp\/v2\/comments?post=4894"}],"version-history":[{"count":1,"href":"https:\/\/nublo.tv\/index.php\/wp-json\/wp\/v2\/posts\/4894\/revisions"}],"predecessor-version":[{"id":4902,"href":"https:\/\/nublo.tv\/index.php\/wp-json\/wp\/v2\/posts\/4894\/revisions\/4902"}],"wp:featuredmedia":[{"embeddable":true,"href":"https:\/\/nublo.tv\/index.php\/wp-json\/wp\/v2\/media\/4904"}],"wp:attachment":[{"href":"https:\/\/nublo.tv\/index.php\/wp-json\/wp\/v2\/media?parent=4894"}],"wp:term":[{"taxonomy":"category","embeddable":true,"href":"https:\/\/nublo.tv\/index.php\/wp-json\/wp\/v2\/categories?post=4894"},{"taxonomy":"post_tag","embeddable":true,"href":"https:\/\/nublo.tv\/index.php\/wp-json\/wp\/v2\/tags?post=4894"}],"curies":[{"name":"wp","href":"https:\/\/api.w.org\/{rel}","templated":true}]}}