{"id":4905,"date":"2026-08-20T14:44:49","date_gmt":"2026-08-20T13:44:49","guid":{"rendered":"https:\/\/nublo.tv\/?p=4905"},"modified":"2026-08-27T12:35:28","modified_gmt":"2026-08-27T11:35:28","slug":"guaguas-municipales-consolida-su-plantilla-de-conductores-con-la-incorporacion-de-una-nueva-promocion-de-56-profesionales","status":"publish","type":"post","link":"https:\/\/nublo.tv\/index.php\/2026\/08\/20\/guaguas-municipales-consolida-su-plantilla-de-conductores-con-la-incorporacion-de-una-nueva-promocion-de-56-profesionales\/","title":{"rendered":"Guaguas Municipales consolida su plantilla de conductores con la incorporaci\u00f3n de una nueva promoci\u00f3n de 56 profesionales"},"content":{"rendered":"<div class=\"image col-sm-6 pull-right\">\n<div class=\"saga-imagen \">\n\t\t<a href=\"\/export\/sites\/laspalmasgc\/.galleries\/imagenes-noticias-2026\/Conductores-20260820.png\" title=\"Guaguas Municipales consolida su plantilla de conductores con la incorporaci\u00f3n de una nueva promoci\u00f3n de 56 profesionales\" class=\"wrapper-image zoom-filter \"><br \/>\n\t\t\t\t\t<span class=\"sr-only\">Ampliar imagen<\/span><\/p>\n<div class=\"overlay-zoom\">\n\t\t\t\t\t\t<img loading=\"lazy\" decoding=\"async\" class=\"img-responsive\" src=\"\/export\/sites\/laspalmasgc\/.galleries\/imagenes-noticias-2026\/Conductores-20260820.png_980282533.png\" width=\"900\" height=\"664\" alt=\"Guaguas Municipales consolida su plantilla de conductores con la incorporaci\u00f3n de una nueva promoci\u00f3n de 56 profesionales\"><\/p>\n<div class=\"zoom-icon\">\n\t                    \t<span class=\"fa fa-search-plus\" aria-hidden=\"true\"><\/span>\n\t                    <\/div>\n<\/p><\/div>\n<p>\t\t\t\t<\/a>\n\t\t\t<\/div>\n<\/p><\/div>\n<div class=\"container-fluid\">\n<p>El concejal de Transporte Colectivo de Viajeros, Pedro Quevedo, ha dado la bienvenida este jueves al primer grupo, formado por 27 profesionales, que proceden de la bolsa de trabajo formada por los 347 aspirantes con mayor puntuaci\u00f3n del proceso de selecci\u00f3n al que concurrieron 1.095 candidatos<\/p>\n<p>Las Palmas de Gran Canaria, jueves 20 de agosto de 2026.- El concejal de Transporte Colectivo de Viajeros de Las Palmas de Gran Canaria y presidente de Guaguas Municipales, Pedro Quevedo, acompa\u00f1ado por el director general de la compa\u00f1\u00eda, Miguel \u00c1ngel Rodr\u00edguez, y personal t\u00e9cnico de la empresa, ha dado este jueves la bienvenida a los 27 primeros conductores de la nueva promoci\u00f3n que se incorporan a la plantilla de la empresa p\u00fablica de transporte. A este primer grupo se sumar\u00e1n otros 29 profesionales a partir de la primera semana de septiembre, hasta completar un total de 56 nuevas incorporaciones.<br \/>Los nuevos conductores proceden de la bolsa de empleo constituida a partir del proceso de selecci\u00f3n convocado por Guaguas Municipales, en el que participaron 1.095 aspirantes. La bolsa qued\u00f3 integrada por los 347 candidatos que obtuvieron las mejores puntuaciones en las distintas fases del procedimiento.<br \/>El refuerzo de la plantilla adquiere especial relevancia en un contexto de crecimiento sostenido de la demanda, impulsado de manera significativa por las medidas de bonificaci\u00f3n y gratuidad de los viajes en el transporte p\u00fablico. Este incremento del n\u00famero de viajeros ha situado a la compa\u00f1\u00eda ante el reto de adaptar sus recursos humanos y operativos a las nuevas necesidades de movilidad de la ciudadan\u00eda.<br \/>Como parte del proceso de incorporaci\u00f3n, los nuevos profesionales afrontan inicialmente un periodo de formaci\u00f3n y adaptaci\u00f3n destinado a completar sus conocimientos y facilitar su incorporaci\u00f3n progresiva a la operativa diaria de la compa\u00f1\u00eda. Durante esta etapa reciben formaci\u00f3n espec\u00edfica en \u00e1mbitos esenciales para el desempe\u00f1o de sus funciones, entre ellos la atenci\u00f3n y relaci\u00f3n con los viajeros, la seguridad y la conducci\u00f3n eficiente.<\/p>\n<\/div>\n","protected":false},"excerpt":{"rendered":"<p>Ampliar imagen El concejal de Transporte Colectivo de Viajeros, Pedro Quevedo, ha dado la bienvenida este jueves al primer grupo, formado por 27 profesionales, que proceden de la bolsa de&hellip;<\/p>\n","protected":false},"author":1,"featured_media":4912,"comment_status":"open","ping_status":"open","sticky":false,"template":"","format":"standard","meta":{"wpai_generated_summary":"","wpai_meta_description":"","footnotes":""},"categories":[132],"tags":[],"class_list":["post-4905","post","type-post","status-publish","format-standard","has-post-thumbnail","hentry","category-ayuntamiento-de-las-palmas-de-gran-canaria"],"_links":{"self":[{"href":"https:\/\/nublo.tv\/index.php\/wp-json\/wp\/v2\/posts\/4905","targetHints":{"allow":["GET"]}}],"collection":[{"href":"https:\/\/nublo.tv\/index.php\/wp-json\/wp\/v2\/posts"}],"about":[{"href":"https:\/\/nublo.tv\/index.php\/wp-json\/wp\/v2\/types\/post"}],"author":[{"embeddable":true,"href":"https:\/\/nublo.tv\/index.php\/wp-json\/wp\/v2\/users\/1"}],"replies":[{"embeddable":true,"href":"https:\/\/nublo.tv\/index.php\/wp-json\/wp\/v2\/comments?post=4905"}],"version-history":[{"count":1,"href":"https:\/\/nublo.tv\/index.php\/wp-json\/wp\/v2\/posts\/4905\/revisions"}],"predecessor-version":[{"id":4911,"href":"https:\/\/nublo.tv\/index.php\/wp-json\/wp\/v2\/posts\/4905\/revisions\/4911"}],"wp:featuredmedia":[{"embeddable":true,"href":"https:\/\/nublo.tv\/index.php\/wp-json\/wp\/v2\/media\/4912"}],"wp:attachment":[{"href":"https:\/\/nublo.tv\/index.php\/wp-json\/wp\/v2\/media?parent=4905"}],"wp:term":[{"taxonomy":"category","embeddable":true,"href":"https:\/\/nublo.tv\/index.php\/wp-json\/wp\/v2\/categories?post=4905"},{"taxonomy":"post_tag","embeddable":true,"href":"https:\/\/nublo.tv\/index.php\/wp-json\/wp\/v2\/tags?post=4905"}],"curies":[{"name":"wp","href":"https:\/\/api.w.org\/{rel}","templated":true}]}}